{"id":73,"date":"2022-07-15T20:00:00","date_gmt":"2022-07-15T23:00:00","guid":{"rendered":"https:\/\/doctormkt.com.br\/blog\/?p=73"},"modified":"2024-01-09T06:28:07","modified_gmt":"2024-01-09T09:28:07","slug":"lista-de-datas-publicitarias-para-medicos-e-profissionais-da-saude","status":"publish","type":"post","link":"https:\/\/doctormkt.com.br\/blog\/todos-os-artigos\/lista-de-datas-publicitarias-para-medicos-e-profissionais-da-saude\/","title":{"rendered":"Datas Publicit\u00e1rias da Sa\u00fade"},"content":{"rendered":"\n<div style=\"height:50px\" aria-hidden=\"true\" class=\"wp-block-spacer\"><\/div>\n\n\n\n<figure class=\"wp-block-image size-full is-resized\"><img loading=\"lazy\" decoding=\"async\" width=\"825\" height=\"550\" src=\"https:\/\/doctormkt.com.br\/blog\/wp-content\/uploads\/2022\/07\/1-1.png\" alt=\"Imagem deixando claro que \u00e9 um artigo sobre datas importantes da sa\u00fade (calend\u00e1rio da sa\u00fade)\" class=\"wp-image-107\" style=\"width:825px;height:550px\" srcset=\"https:\/\/doctormkt.com.br\/blog\/wp-content\/uploads\/2022\/07\/1-1.png 825w, https:\/\/doctormkt.com.br\/blog\/wp-content\/uploads\/2022\/07\/1-1-300x200.png 300w, https:\/\/doctormkt.com.br\/blog\/wp-content\/uploads\/2022\/07\/1-1-768x512.png 768w, https:\/\/doctormkt.com.br\/blog\/wp-content\/uploads\/2022\/07\/1-1-360x240.png 360w\" sizes=\"auto, (max-width: 825px) 100vw, 825px\" \/><\/figure>\n\n\n\n<div style=\"height:100px\" aria-hidden=\"true\" class=\"wp-block-spacer\"><\/div>\n\n\n\n<hr class=\"wp-block-separator has-text-color has-alpha-channel-opacity has-background is-style-default\" style=\"background-color:#006d56;color:#006d56\"\/>\n\n\n\n<div style=\"height:100px\" aria-hidden=\"true\" class=\"wp-block-spacer\"><\/div>\n\n\n\n<h2 class=\"wp-block-heading has-accent-color has-text-color\" id=\"indice\">Bem-vindo ao nosso Calend\u00e1rio de Datas Publicit\u00e1rias e Comemorativas da Sa\u00fade!<\/h2>\n\n\n\n<div style=\"height:50px\" aria-hidden=\"true\" class=\"wp-block-spacer\"><\/div>\n\n\n\n<p class=\"has-accent-color has-text-color\">Voc\u00ea j\u00e1 deve ter percebido o quanto \u00e9 dif\u00edcil encontrar uma fonte confi\u00e1vel o organizada, que contenha todas as datas do calend\u00e1rio da sa\u00fade. Neste artigo, nos esfor\u00e7amos para fazer uma lista de datas publicit\u00e1rias para m\u00e9dicos e profissionais da \u00e1rea da sa\u00fade, <strong>retiradas de fontes oficiais, tradicionais e verificadas<\/strong>, com o objetivo desafiador de termos <strong>todas as datas publicit\u00e1rias da sa\u00fade em um s\u00f3 lugar<\/strong>.<\/p>\n\n\n\n<p class=\"has-text-color\" style=\"color:#23265e\">Tomamos o cuidado de revisar e confirmar datas pol\u00eamicas, verificamos na legisla\u00e7\u00e3o e usamos o bom senso quando ela n\u00e3o estava dispon\u00edvel. Voc\u00ea pode nos ajudar a manter esse calend\u00e1rio atualizado e impec\u00e1vel <a href=\"https:\/\/wa.me\/5541991217947\" target=\"_blank\" rel=\"noreferrer noopener\">clicando aqui para nos informar de qualquer erro ou data faltante<\/a>.<\/p>\n\n\n\n<p class=\"has-text-color\" style=\"color:#23265e\">Precisa de ajuda para se comunicar com seu p\u00fablico nessas datas publicit\u00e1rias da sa\u00fade? A <a href=\"https:\/\/doctormkt.com.br\" target=\"_blank\" rel=\"noreferrer noopener\">Doctor Mkt<\/a> \u00e9 refer\u00eancia na divulga\u00e7\u00e3o de m\u00e9dicos, cl\u00ednicas e hospitais. Conte conosco!<\/p>\n\n\n\n<div style=\"height:30px\" aria-hidden=\"true\" class=\"wp-block-spacer\"><\/div>\n\n\n\n<div class=\"wp-block-buttons is-horizontal is-content-justification-center is-layout-flex wp-container-core-buttons-is-layout-769315fb wp-block-buttons-is-layout-flex\">\n<div class=\"wp-block-button is-style-fill\"><a class=\"wp-block-button__link has-accent-background-color has-background wp-element-button\" href=\"https:\/\/doctormkt.com.br\" style=\"border-radius:8px\" target=\"_blank\" rel=\"noreferrer noopener\">Conhe\u00e7a a Doctor Mkt<\/a><\/div>\n\n\n\n<div class=\"wp-block-button is-style-fill\"><a class=\"wp-block-button__link has-background wp-element-button\" href=\"https:\/\/wa.me\/5541991217947\" style=\"border-radius:8px;background-color:#006d56\" target=\"_blank\" rel=\"noreferrer noopener\">Fale com um analista<\/a><\/div>\n<\/div>\n\n\n\n<div style=\"height:100px\" aria-hidden=\"true\" class=\"wp-block-spacer\"><\/div>\n\n\n\n<hr class=\"wp-block-separator has-text-color has-alpha-channel-opacity has-background\" style=\"background-color:#006d56;color:#006d56\"\/>\n\n\n\n<div style=\"height:100px\" aria-hidden=\"true\" class=\"wp-block-spacer\"><\/div>\n\n\n\n<h2 class=\"wp-block-heading has-accent-color has-text-color\" id=\"datas-de-janeiro\">Datas Comemorativas de Janeiro<\/h2>\n\n\n\n<div style=\"height:50px\" aria-hidden=\"true\" class=\"wp-block-spacer\"><\/div>\n\n\n\n<h3 class=\"wp-block-heading has-accent-color has-text-color\">Eventos e Datas M\u00f3veis de Janeiro<\/h3>\n\n\n\n<div style=\"height:15px\" aria-hidden=\"true\" class=\"wp-block-spacer\"><\/div>\n\n\n\n<ul style=\"font-size:18px\" class=\"has-white-color has-accent-background-color has-text-color has-background wp-block-list\">\n<li>\u00daltimo domingo de Janeiro &#8211;&nbsp;<strong>Dia Nacional de Combate e Preven\u00e7\u00e3o da Hansen\u00edase<\/strong><br><br><\/li>\n\n\n\n<li>\u00daltimo domingo de Janeiro &#8211;&nbsp;<strong>Dia Mundial Contra a Hansen\u00edase<\/strong><br><br><\/li>\n\n\n\n<li>Janeiro Branco &#8211;&nbsp;<strong>Conscientiza\u00e7\u00e3o para a Sa\u00fade Mental<\/strong><br><br><\/li>\n\n\n\n<li>Janeiro Verde &#8211; <strong>Preven\u00e7\u00e3o e Combate ao C\u00e2ncer de Colo do \u00datero<\/strong><br><br><\/li>\n\n\n\n<li>Janeiro Verde Piscina &#8211; <strong>Preven\u00e7\u00e3o e Combate ao C\u00e2ncer Cervical<\/strong><br><br><\/li>\n\n\n\n<li>Janeiro Bronze &#8211; <strong>Cuidados com as Crian\u00e7as no Ver\u00e3o<\/strong><br><br><\/li>\n\n\n\n<li>Janeiro Roxo &#8211;&nbsp;<strong>Combate \u00e0 Hansen\u00edase<\/strong><\/li>\n<\/ul>\n\n\n\n<div style=\"height:50px\" aria-hidden=\"true\" class=\"wp-block-spacer\"><\/div>\n\n\n\n<h3 class=\"wp-block-heading has-accent-color has-text-color\">Datas Fixas da Primeira Quinzena de Janeiro<\/h3>\n\n\n\n<div style=\"height:25px\" aria-hidden=\"true\" class=\"wp-block-spacer\"><\/div>\n\n\n\n<p class=\"has-accent-color has-text-color\">01\/01 &#8211;&nbsp;<strong>Ano Novo<\/strong><\/p>\n\n\n\n<p class=\"has-accent-color has-text-color\">02\/01 &#8211;&nbsp;<strong>Dia do <strong>M\u00e9dico <\/strong>Sanitarista<\/strong><\/p>\n\n\n\n<p class=\"has-accent-color has-text-color\">02\/01 &#8211; <strong>Dia Nacional da Abreugrafia<\/strong><\/p>\n\n\n\n<p class=\"has-accent-color has-text-color\">04\/01 &#8211; <strong>Dia Mundial do Hipnotismo<\/strong><\/p>\n\n\n\n<p class=\"has-accent-color has-text-color\">04\/01 &#8211; <strong>Dia Mundial do Braile<\/strong><\/p>\n\n\n\n<p class=\"has-accent-color has-text-color\">04\/01 &#8211;&nbsp;<strong>Dia do Hemof\u00edlico<\/strong><\/p>\n\n\n\n<p class=\"has-accent-color has-text-color\">11\/01 &#8211; <strong>Dia Internacional do Obrigado<\/strong><\/p>\n\n\n\n<p class=\"has-accent-color has-text-color\">14\/01 &#8211; <strong>Dia do Enfermo<\/strong><\/p>\n\n\n\n<div style=\"height:50px\" aria-hidden=\"true\" class=\"wp-block-spacer\"><\/div>\n\n\n\n<h3 class=\"wp-block-heading has-accent-color has-text-color\">Datas Fixas da Segunda Quinzena de Janeiro<\/h3>\n\n\n\n<div style=\"height:25px\" aria-hidden=\"true\" class=\"wp-block-spacer\"><\/div>\n\n\n\n<p class=\"has-accent-color has-text-color\">19\/01 &#8211;&nbsp;<strong>Dia Mundial do Terapeuta Ocupacional<\/strong><\/p>\n\n\n\n<p class=\"has-accent-color has-text-color\">20\/01 &#8211; <strong>Dia Internacional da Aceita\u00e7\u00e3o<\/strong> (abrace quem voc\u00ea \u00e9)<\/p>\n\n\n\n<p class=\"has-accent-color has-text-color\">20\/01 &#8211;&nbsp;<strong>Dia do Farmac\u00eautico<\/strong> (alguns consideram o Dia do Oficial de Farm\u00e1cia, em 05\/09, por\u00e9m o Conselho Federal de Farm\u00e1cia adota, desde 2007, o dia 20\/01 como oficial)<\/p>\n\n\n\n<p class=\"has-accent-color has-text-color\">23\/01 &#8211; <strong>Dia da Medicina Integrativa<\/strong><\/p>\n\n\n\n<p class=\"has-accent-color has-text-color\">30\/01 &#8211; <strong>Dia da N\u00e3o Viol\u00eancia<\/strong><\/p>\n\n\n\n<p class=\"has-accent-color has-text-color\">30\/01 &#8211; <strong>Dia Mundial das Doen\u00e7as Tropicais Negligenciadas<\/strong> (Criado pela OMS)<\/p>\n\n\n\n<div style=\"height:50px\" aria-hidden=\"true\" class=\"wp-block-spacer\"><\/div>\n\n\n\n<p class=\"has-text-color\" style=\"color:#23265e\">Precisa de ajuda para se comunicar com seu p\u00fablico nessas datas publicit\u00e1rias da sa\u00fade para o m\u00eas de janeiro? A <a href=\"https:\/\/doctormkt.com.br\" target=\"_blank\" rel=\"noreferrer noopener\">Doctor Mkt<\/a> \u00e9 refer\u00eancia na divulga\u00e7\u00e3o de m\u00e9dicos, cl\u00ednicas e hospitais. Conte conosco!<\/p>\n\n\n\n<p><\/p>\n\n\n\n<div style=\"height:30px\" aria-hidden=\"true\" class=\"wp-block-spacer\"><\/div>\n\n\n<!-- Subscription Form -->\r\n <style >.sp-force-hide { display: none;}.sp-form[sp-id=\"225952\"] { display: block; background: #ffffff; padding: 10px; width: 800px; max-width: 100%; border-radius: 14px; font-family: Tahoma, Geneva, sans-serif; background-repeat: no-repeat; background-position: center; background-size: auto; border-width: 1px; border-color: #dddddd; border-style: solid;}.sp-form[sp-id=\"225952\"] input[type=\"checkbox\"] { display: inline-block; opacity: 1; visibility: visible;}.sp-form[sp-id=\"225952\"] .sp-form-fields-wrapper { margin: 0 auto; width: 780px;}.sp-form[sp-id=\"225952\"] .sp-form-control { background: #ffffff; border-color: #cccccc; border-style: solid; border-width: 1px; font-size: 15px; padding-left: 8.75px; padding-right: 8.75px; border-radius: 4px; height: 35px; width: 100%;}.sp-form[sp-id=\"225952\"] .sp-field label { color: #444444; font-size: 13px; font-style: normal; font-weight: bold;}.sp-form[sp-id=\"225952\"] .sp-button-messengers { border-radius: 4px;}.sp-form[sp-id=\"225952\"] .sp-button { border-radius: 4px; background-color: #282a5e; color: #ffffff; width: auto; font-weight: 700; font-style: normal; font-family: Arial, sans-serif; box-shadow: none; background: linear-gradient(to top, #161733 , #3a3d89);}.sp-form[sp-id=\"225952\"] .sp-button-container { text-align: left;}<\/style><div class=\"sp-form-outer sp-force-hide\"><div id=\"sp-form-225952\" sp-id=\"225952\" sp-hash=\"545ca5e38d18168045ad18eb4223304a4562975556c6a2cc3cb94a8f768b25fc\" sp-lang=\"pt-br\" class=\"sp-form sp-form-regular sp-form-embed sp-form-horizontal\" sp-show-options=\"%7B%22satellite%22%3Afalse%2C%22maDomain%22%3A%22login.sendpulse.com%22%2C%22formsDomain%22%3A%22forms.sendpulse.com%22%2C%22condition%22%3A%22onEnter%22%2C%22scrollTo%22%3A25%2C%22delay%22%3A10%2C%22repeat%22%3A3%2C%22background%22%3A%22rgba(0%2C%200%2C%200%2C%200.5)%22%2C%22position%22%3A%22bottom-right%22%2C%22animation%22%3A%22%22%2C%22hideOnMobile%22%3Afalse%2C%22submitRedirectUrl%22%3A%22%22%2C%22urlFilter%22%3Afalse%2C%22urlFilterConditions%22%3A%5B%7B%22force%22%3A%22hide%22%2C%22clause%22%3A%22contains%22%2C%22token%22%3A%22%22%7D%5D%2C%22analytics%22%3A%7B%22ga%22%3A%7B%22eventLabel%22%3Anull%2C%22send%22%3Afalse%7D%2C%22ym%22%3A%7B%22counterId%22%3Anull%2C%22eventLabel%22%3Anull%2C%22targetId%22%3Anull%2C%22send%22%3Afalse%7D%7D%2C%22utmEnable%22%3Afalse%7D\"><div class=\"sp-form-fields-wrapper\"><div class=\"sp-message\"><div><\/div><\/div><form novalidate=\"\" class=\"sp-element-container \"><div class=\"sp-field sp-field-full-width\" sp-id=\"sp-e16efa15-12d9-41a0-8a18-84db7e1f3ef7\"><div style=\"font-family: inherit; line-height: 1.2;\"><p>Inscreva-se para receber nosso E-book exclusivo e ficar por dentro de todas as novidades do blog!<\/p><\/div><\/div><div class=\"sp-field \" sp-id=\"sp-f2322e13-62dc-488e-9029-3d9f099f6d8b\"><label class=\"sp-control-label\"><span >Nome<\/span><\/label><input type=\"text\" sp-type=\"input\" name=\"sform[Tm9tZQ==]\" class=\"sp-form-control \" placeholder=\"Seu nome\" sp-tips=\"%7B%7D\" autocomplete=\"on\"><\/div><div class=\"sp-field \" sp-id=\"sp-1787f7e3-97c2-4703-a852-4fc77285a91d\"><label class=\"sp-control-label\"><span >WhatsApp<\/span><\/label><input type=\"text\" sp-type=\"input\" name=\"sform[V2hhdHNhcHA=]\" class=\"sp-form-control \" placeholder=\"Seu telefone\" sp-tips=\"%7B%7D\" autocomplete=\"on\"><\/div><div class=\"sp-field \" sp-id=\"sp-7ffbb9ac-dfda-473e-8ce1-016f9330aeb8\"><label class=\"sp-control-label\"><span >E-mail<\/span><strong >*<\/strong><\/label><input type=\"email\" sp-type=\"email\" name=\"sform[email]\" class=\"sp-form-control \" placeholder=\"seunome@seuemail.com.br\" sp-tips=\"%7B%22required%22%3A%22Campo%20obrigat%C3%B3rio%22%2C%22wrong%22%3A%22E-mail%20errado%22%7D\" autocomplete=\"on\" required=\"required\"><\/div><div class=\"sp-field sp-button-container \" sp-id=\"sp-2bcfc5d0-1b1d-4fe4-b67d-ac6960892c70\"><button id=\"sp-2bcfc5d0-1b1d-4fe4-b67d-ac6960892c70\" class=\"sp-button\">Inscrever-se <\/button><\/div><\/form><div class=\"sp-link-wrapper sp-brandname__left\"><a class=\"sp-link \" target=\"_blank\" href=\"https:\/\/sendpulse.com\/forms-powered-by-sendpulse?sn=RG9jdG9yIE1rdCBMdGRh&amp;from=8183578\"><span class=\"sp-link-img\">&nbsp;<\/span><span translate=\"FORM.PROVIDED_BY\">Desenvolvido por SendPulse<\/span><\/a><\/div><\/div><\/div><\/div><script type=\"text\/javascript\" async=\"async\" src=\"\/\/web.webformscr.com\/apps\/fc3\/build\/default-handler.js?1689226962100\"><\/script> \r\n<!-- \/Subscription Form -->\n\n\n\n<div class=\"wp-block-buttons is-horizontal is-content-justification-center is-layout-flex wp-container-core-buttons-is-layout-769315fb wp-block-buttons-is-layout-flex\">\n<div class=\"wp-block-button is-style-fill\"><a class=\"wp-block-button__link has-accent-background-color has-background wp-element-button\" href=\"https:\/\/doctormkt.com.br\" style=\"border-radius:8px\" target=\"_blank\" rel=\"noreferrer noopener\">Conhe\u00e7a a Doctor Mkt<\/a><\/div>\n\n\n\n<div class=\"wp-block-button is-style-fill\"><a class=\"wp-block-button__link has-background wp-element-button\" href=\"https:\/\/wa.me\/5541991217947\" style=\"border-radius:8px;background-color:#006d56\" target=\"_blank\" rel=\"noreferrer noopener\">Fale com um analista<\/a><\/div>\n<\/div>\n\n\n\n<div style=\"height:100px\" aria-hidden=\"true\" class=\"wp-block-spacer\"><\/div>\n\n\n\n<hr class=\"wp-block-separator has-text-color has-alpha-channel-opacity has-background\" style=\"background-color:#006d56;color:#006d56\"\/>\n\n\n\n<div style=\"height:100px\" aria-hidden=\"true\" class=\"wp-block-spacer\"><\/div>\n\n\n\n<h2 class=\"wp-block-heading has-accent-color has-text-color has-large-font-size\" id=\"datas-de-fevereiro\">Datas Importantes de Fevereiro<\/h2>\n\n\n\n<div style=\"height:50px\" aria-hidden=\"true\" class=\"wp-block-spacer\"><\/div>\n\n\n\n<h3 class=\"wp-block-heading has-accent-color has-text-color\">Eventos e Datas M\u00f3veis de Fevereiro<\/h3>\n\n\n\n<div style=\"height:15px\" aria-hidden=\"true\" class=\"wp-block-spacer\"><\/div>\n\n\n\n<ul style=\"font-size:18px\" class=\"has-white-color has-accent-background-color has-text-color has-background wp-block-list\">\n<li>Primeira semana de Fevereiro &#8211; <strong>Semana Nacional de Preven\u00e7\u00e3o da Gravidez na Adolesc\u00eancia<\/strong><br><br><\/li>\n\n\n\n<li>Segunda semana de Fevereiro &#8211; <strong>Semana contra o Alcoolismo<\/strong><br><br><\/li>\n\n\n\n<li>Segunda segunda-feira de Fevereiro &#8211; <strong>Dia Internacional da Epilepsia<\/strong><br><br><\/li>\n\n\n\n<li>Fevereiro Laranja &#8211;&nbsp;<strong>Combate \u00e0 Leucemia<\/strong><br><br><\/li>\n\n\n\n<li>Fevereiro Verde &#8211; <strong>Preven\u00e7\u00e3o e Combate ao C\u00e2ncer de Ves\u00edcula Biliar<\/strong><br><br><\/li>\n\n\n\n<li>Fevereiro Roxo &#8211;&nbsp;<strong>L\u00fapus, Fibromialgia e Mal de Alzheimer<\/strong><br><br><\/li>\n\n\n\n<li>Fevereiro Safira &#8211; <strong>Primeiros Mil Dias: Pelo Futuro das Crian\u00e7as<\/strong><br><br><\/li>\n\n\n\n<li>\u00daltimo dia de Fevereiro &#8211; <strong>Dia Mundial das Doen\u00e7as Raras e Dia Nacional de Doen\u00e7as Raras<\/strong><\/li>\n<\/ul>\n\n\n\n<div style=\"height:50px\" aria-hidden=\"true\" class=\"wp-block-spacer\"><\/div>\n\n\n\n<h3 class=\"wp-block-heading has-accent-color has-text-color\">Datas Fixas da Primeira Quinzena de Fevereiro<\/h3>\n\n\n\n<div style=\"height:25px\" aria-hidden=\"true\" class=\"wp-block-spacer\"><\/div>\n\n\n\n<p>03\/02 &#8211;&nbsp;<strong>Dia Internacional da Mulher M\u00e9dica<\/strong><\/p>\n\n\n\n<p class=\"has-accent-color has-text-color\">04\/02 &#8211;&nbsp;<strong>Dia Mundial do C\u00e2ncer (OMS)<\/strong><\/p>\n\n\n\n<p class=\"has-accent-color has-text-color\">05\/02 &#8211;&nbsp;<strong>Dia Nacional da Mamografia<\/strong><\/p>\n\n\n\n<p class=\"has-accent-color has-text-color\">05\/02 &#8211; <strong>Dia do <strong>M\u00e9dico <\/strong>Dermatologista<\/strong><\/p>\n\n\n\n<p class=\"has-accent-color has-text-color\">05\/02 &#8211;&nbsp;<strong>Dia da Papiloscopia<\/strong><\/p>\n\n\n\n<p class=\"has-accent-color has-text-color\">06\/02 &#8211; <strong>Dia Internacional de Zero Toler\u00e2ncia \u00e0 Mutila\u00e7\u00e3o Genital Feminina<\/strong><\/p>\n\n\n\n<p class=\"has-accent-color has-text-color\">07\/02 &#8211;&nbsp;<strong>Dia Nacional de Luta dos Povos Ind\u00edgenas<\/strong><\/p>\n\n\n\n<p class=\"has-accent-color has-text-color\">10\/02 &#8211; <strong>Dia Mundial dos Legumes<\/strong> (Criado pela ONU)<\/p>\n\n\n\n<p class=\"has-accent-color has-text-color\">11\/02 &#8211; <strong>Dia Mundial do Enfermo<\/strong> (Introduzido pelo Papa Jo\u00e3o Paulo II)<\/p>\n\n\n\n<p class=\"has-accent-color has-text-color\">13\/02 &#8211; <strong>Dia Internacional do Cirurgi\u00e3o Buco-Maxilo-Facial<\/strong><\/p>\n\n\n\n<p class=\"has-accent-color has-text-color\">13\/02 &#8211; <strong>Dia Internacional do Preservativo<\/strong> (ou da Camisinha)<\/p>\n\n\n\n<div style=\"height:50px\" aria-hidden=\"true\" class=\"wp-block-spacer\"><\/div>\n\n\n\n<h3 class=\"wp-block-heading has-accent-color has-text-color\">Datas Fixas da Segunda Quinzena de Fevereiro<\/h3>\n\n\n\n<div style=\"height:25px\" aria-hidden=\"true\" class=\"wp-block-spacer\"><\/div>\n\n\n\n<p class=\"has-accent-color has-text-color\">15\/02 &#8211;&nbsp;<strong>Dia Internacional de Luta contra o C\u00e2ncer Infantil<\/strong><\/p>\n\n\n\n<p class=\"has-accent-color has-text-color\">18\/02 &#8211; <strong>Dia Internacional da S\u00edndrome de Asperger<\/strong><\/p>\n\n\n\n<p class=\"has-accent-color has-text-color\">19\/02 &#8211; <strong>Dia do Esportista<\/strong><\/p>\n\n\n\n<p class=\"has-accent-color has-text-color\">20\/02 &#8211;&nbsp;<strong>Dia Nacional de Combate \u00e0s Drogas e Alcoolismo<\/strong><\/p>\n\n\n\n<p class=\"has-accent-color has-text-color\">23\/02 &#8211; <strong>Dia Nacional do Surdo-Mudo<\/strong> (apesar de ser citado com a data de 13\/02 na Biblioteca Digital da C\u00e2mara dos Deputados)<\/p>\n\n\n\n<p class=\"has-accent-color has-text-color\">27\/03 &#8211; <strong>Dia Mundial da Organiza\u00e7\u00e3o N\u00e3o Governamental (ONG)<\/strong><\/p>\n\n\n\n<p class=\"has-accent-color has-text-color\">28\/02 &#8211; <strong>Dia Mundial de Combate \u00e0 LER\/DORT<\/strong><\/p>\n\n\n\n<p class=\"has-accent-color has-text-color\">29\/02 (ou 28, em anos n\u00e3o bissextos) &#8211; <strong>Dia Mundial das Doen\u00e7as Raras<\/strong><\/p>\n\n\n\n<div style=\"height:50px\" aria-hidden=\"true\" class=\"wp-block-spacer\"><\/div>\n\n\n\n<p class=\"has-text-color\" style=\"color:#23265e\">Precisa de ajuda para se comunicar com seu p\u00fablico nessas datas publicit\u00e1rias da sa\u00fade para o m\u00eas de fevereiro? A <a href=\"https:\/\/doctormkt.com.br\" target=\"_blank\" rel=\"noreferrer noopener\">Doctor Mkt<\/a> \u00e9 refer\u00eancia na divulga\u00e7\u00e3o de m\u00e9dicos, cl\u00ednicas e hospitais. Conte conosco!<\/p>\n\n\n\n<p><\/p>\n\n\n\n<div style=\"height:30px\" aria-hidden=\"true\" class=\"wp-block-spacer\"><\/div>\n\n\n<!-- Subscription Form -->\r\n <style >.sp-force-hide { display: none;}.sp-form[sp-id=\"225952\"] { display: block; background: #ffffff; padding: 10px; width: 800px; max-width: 100%; border-radius: 14px; font-family: Tahoma, Geneva, sans-serif; background-repeat: no-repeat; background-position: center; background-size: auto; border-width: 1px; border-color: #dddddd; border-style: solid;}.sp-form[sp-id=\"225952\"] input[type=\"checkbox\"] { display: inline-block; opacity: 1; visibility: visible;}.sp-form[sp-id=\"225952\"] .sp-form-fields-wrapper { margin: 0 auto; width: 780px;}.sp-form[sp-id=\"225952\"] .sp-form-control { background: #ffffff; border-color: #cccccc; border-style: solid; border-width: 1px; font-size: 15px; padding-left: 8.75px; padding-right: 8.75px; border-radius: 4px; height: 35px; width: 100%;}.sp-form[sp-id=\"225952\"] .sp-field label { color: #444444; font-size: 13px; font-style: normal; font-weight: bold;}.sp-form[sp-id=\"225952\"] .sp-button-messengers { border-radius: 4px;}.sp-form[sp-id=\"225952\"] .sp-button { border-radius: 4px; background-color: #282a5e; color: #ffffff; width: auto; font-weight: 700; font-style: normal; font-family: Arial, sans-serif; box-shadow: none; background: linear-gradient(to top, #161733 , #3a3d89);}.sp-form[sp-id=\"225952\"] .sp-button-container { text-align: left;}<\/style><div class=\"sp-form-outer sp-force-hide\"><div id=\"sp-form-225952\" sp-id=\"225952\" sp-hash=\"545ca5e38d18168045ad18eb4223304a4562975556c6a2cc3cb94a8f768b25fc\" sp-lang=\"pt-br\" class=\"sp-form sp-form-regular sp-form-embed sp-form-horizontal\" sp-show-options=\"%7B%22satellite%22%3Afalse%2C%22maDomain%22%3A%22login.sendpulse.com%22%2C%22formsDomain%22%3A%22forms.sendpulse.com%22%2C%22condition%22%3A%22onEnter%22%2C%22scrollTo%22%3A25%2C%22delay%22%3A10%2C%22repeat%22%3A3%2C%22background%22%3A%22rgba(0%2C%200%2C%200%2C%200.5)%22%2C%22position%22%3A%22bottom-right%22%2C%22animation%22%3A%22%22%2C%22hideOnMobile%22%3Afalse%2C%22submitRedirectUrl%22%3A%22%22%2C%22urlFilter%22%3Afalse%2C%22urlFilterConditions%22%3A%5B%7B%22force%22%3A%22hide%22%2C%22clause%22%3A%22contains%22%2C%22token%22%3A%22%22%7D%5D%2C%22analytics%22%3A%7B%22ga%22%3A%7B%22eventLabel%22%3Anull%2C%22send%22%3Afalse%7D%2C%22ym%22%3A%7B%22counterId%22%3Anull%2C%22eventLabel%22%3Anull%2C%22targetId%22%3Anull%2C%22send%22%3Afalse%7D%7D%2C%22utmEnable%22%3Afalse%7D\"><div class=\"sp-form-fields-wrapper\"><div class=\"sp-message\"><div><\/div><\/div><form novalidate=\"\" class=\"sp-element-container \"><div class=\"sp-field sp-field-full-width\" sp-id=\"sp-e16efa15-12d9-41a0-8a18-84db7e1f3ef7\"><div style=\"font-family: inherit; line-height: 1.2;\"><p>Inscreva-se para receber nosso E-book exclusivo e ficar por dentro de todas as novidades do blog!<\/p><\/div><\/div><div class=\"sp-field \" sp-id=\"sp-f2322e13-62dc-488e-9029-3d9f099f6d8b\"><label class=\"sp-control-label\"><span >Nome<\/span><\/label><input type=\"text\" sp-type=\"input\" name=\"sform[Tm9tZQ==]\" class=\"sp-form-control \" placeholder=\"Seu nome\" sp-tips=\"%7B%7D\" autocomplete=\"on\"><\/div><div class=\"sp-field \" sp-id=\"sp-1787f7e3-97c2-4703-a852-4fc77285a91d\"><label class=\"sp-control-label\"><span >WhatsApp<\/span><\/label><input type=\"text\" sp-type=\"input\" name=\"sform[V2hhdHNhcHA=]\" class=\"sp-form-control \" placeholder=\"Seu telefone\" sp-tips=\"%7B%7D\" autocomplete=\"on\"><\/div><div class=\"sp-field \" sp-id=\"sp-7ffbb9ac-dfda-473e-8ce1-016f9330aeb8\"><label class=\"sp-control-label\"><span >E-mail<\/span><strong >*<\/strong><\/label><input type=\"email\" sp-type=\"email\" name=\"sform[email]\" class=\"sp-form-control \" placeholder=\"seunome@seuemail.com.br\" sp-tips=\"%7B%22required%22%3A%22Campo%20obrigat%C3%B3rio%22%2C%22wrong%22%3A%22E-mail%20errado%22%7D\" autocomplete=\"on\" required=\"required\"><\/div><div class=\"sp-field sp-button-container \" sp-id=\"sp-2bcfc5d0-1b1d-4fe4-b67d-ac6960892c70\"><button id=\"sp-2bcfc5d0-1b1d-4fe4-b67d-ac6960892c70\" class=\"sp-button\">Inscrever-se <\/button><\/div><\/form><div class=\"sp-link-wrapper sp-brandname__left\"><a class=\"sp-link \" target=\"_blank\" href=\"https:\/\/sendpulse.com\/forms-powered-by-sendpulse?sn=RG9jdG9yIE1rdCBMdGRh&amp;from=8183578\"><span class=\"sp-link-img\">&nbsp;<\/span><span translate=\"FORM.PROVIDED_BY\">Desenvolvido por SendPulse<\/span><\/a><\/div><\/div><\/div><\/div><script type=\"text\/javascript\" async=\"async\" src=\"\/\/web.webformscr.com\/apps\/fc3\/build\/default-handler.js?1689226962100\"><\/script> \r\n<!-- \/Subscription Form -->\n\n\n\n<div class=\"wp-block-buttons is-horizontal is-content-justification-center is-layout-flex wp-container-core-buttons-is-layout-769315fb wp-block-buttons-is-layout-flex\">\n<div class=\"wp-block-button is-style-fill\"><a class=\"wp-block-button__link has-accent-background-color has-background wp-element-button\" href=\"https:\/\/doctormkt.com.br\" style=\"border-radius:8px\" target=\"_blank\" rel=\"noreferrer noopener\">Conhe\u00e7a a Doctor Mkt<\/a><\/div>\n\n\n\n<div class=\"wp-block-button is-style-fill\"><a class=\"wp-block-button__link has-background wp-element-button\" href=\"https:\/\/wa.me\/5541991217947\" style=\"border-radius:8px;background-color:#006d56\" target=\"_blank\" rel=\"noreferrer noopener\">Fale com um analista<\/a><\/div>\n<\/div>\n\n\n\n<div style=\"height:100px\" aria-hidden=\"true\" class=\"wp-block-spacer\"><\/div>\n\n\n\n<hr class=\"wp-block-separator has-text-color has-alpha-channel-opacity has-background\" style=\"background-color:#006d56;color:#006d56\"\/>\n\n\n\n<div style=\"height:100px\" aria-hidden=\"true\" class=\"wp-block-spacer\"><\/div>\n\n\n\n<h2 class=\"wp-block-heading has-accent-color has-text-color has-large-font-size\" id=\"datas-de-marco\">Calend\u00e1rio da sa\u00fade de Mar\u00e7o<\/h2>\n\n\n\n<div style=\"height:50px\" aria-hidden=\"true\" class=\"wp-block-spacer\"><\/div>\n\n\n\n<h3 class=\"wp-block-heading has-accent-color has-text-color\">Eventos e Datas M\u00f3veis de Mar\u00e7o<\/h3>\n\n\n\n<div style=\"height:15px\" aria-hidden=\"true\" class=\"wp-block-spacer\"><\/div>\n\n\n\n<ul style=\"font-size:18px\" class=\"has-white-color has-accent-background-color has-text-color has-background wp-block-list\">\n<li>Primeiro domingo depois da lua cheia do equin\u00f3cio de Mar\u00e7o &#8211; <strong>P\u00e1scoa<\/strong><br><br><\/li>\n\n\n\n<li>Primeira sexta-feira ap\u00f3s o equin\u00f3cio de Mar\u00e7o &#8211; <strong>Dia Mundial do Sono<\/strong><br><br><\/li>\n\n\n\n<li>Segunda quinta-feira de Mar\u00e7o &#8211; <strong>Dia Mundial do Rim<\/strong><br><br><\/li>\n\n\n\n<li>Terceira semana de Mar\u00e7o &#8211; <strong>Semana Nacional de Mobiliza\u00e7\u00e3o e Luta Contra a Tuberculose<\/strong><br><br><\/li>\n\n\n\n<li>Mar\u00e7o Azul-Marinho &#8211;&nbsp;<strong><strong>Preven\u00e7\u00e3o e Combate ao C\u00e2ncer&nbsp;<\/strong>Colorretal<\/strong><br><br><\/li>\n\n\n\n<li>Mar\u00e7o Vermelho &#8211; <strong><strong>Preven\u00e7\u00e3o e Combate ao C\u00e2ncer&nbsp;<\/strong>Renal<\/strong><br><br><\/li>\n\n\n\n<li>Mar\u00e7o Lil\u00e1s &#8211; <strong>Aten\u00e7\u00e3o ao Cuidado do Beb\u00ea Prematuro<\/strong><br><br><\/li>\n\n\n\n<li>Mar\u00e7o Lil\u00e1s &#8211;&nbsp;<strong><strong><strong>Preven\u00e7\u00e3o e Combate ao <\/strong><\/strong>C\u00e2ncer do Colo do \u00datero<\/strong><\/li>\n<\/ul>\n\n\n\n<div style=\"height:50px\" aria-hidden=\"true\" class=\"wp-block-spacer\"><\/div>\n\n\n\n<h3 class=\"wp-block-heading has-accent-color has-text-color\">Datas Fixas da Primeira Quinzena de Mar\u00e7o<\/h3>\n\n\n\n<div style=\"height:25px\" aria-hidden=\"true\" class=\"wp-block-spacer\"><\/div>\n\n\n\n<p class=\"has-accent-color has-text-color\">01\/03 &#8211; <strong>Dia das Crian\u00e7as Doentes<\/strong><\/p>\n\n\n\n<p class=\"has-accent-color has-text-color\">01\/02 &#8211; <strong>Dia da Zero Discrimina\u00e7\u00e3o<\/strong> (Criado pela ONU)<\/p>\n\n\n\n<p class=\"has-accent-color has-text-color\">03\/03 &#8211; <strong>Dia do <strong>M\u00e9dico <\/strong>Otorrinolaringologista<\/strong><\/p>\n\n\n\n<p class=\"has-accent-color has-text-color\">03\/03 &#8211; <strong>Dia Mundial dos Defeitos do Nascimento<\/strong><\/p>\n\n\n\n<p class=\"has-accent-color has-text-color\">03\/03 &#8211; <strong>Dia Mundial da Audi\u00e7\u00e3o<\/strong> (Criado pela OMS)<\/p>\n\n\n\n<p class=\"has-accent-color has-text-color\">04\/03 &#8211; <strong>Dia Mundial da Obesidade<\/strong> (A Federa\u00e7\u00e3o Internacional da Obesidade alterou a data do Dia Mundial da Obesidade para 04\/03 \u00e0 partir de 2020, antes era comemorado em 11\/10)<\/p>\n\n\n\n<p class=\"has-accent-color has-text-color\">04\/03 &#8211; <strong>Dia Mundial de Luta Contra a Explora\u00e7\u00e3o Sexual<\/strong><\/p>\n\n\n\n<p class=\"has-accent-color has-text-color\">08\/03 &#8211;&nbsp;<strong>Dia Internacional da Mulher<\/strong> (Criado pela ONU)<\/p>\n\n\n\n<p class=\"has-accent-color has-text-color\">09\/03 &#8211;<strong>&nbsp;Dia da Nefrologia<\/strong><\/p>\n\n\n\n<p class=\"has-accent-color has-text-color\">10\/03 &#8211; <strong>Dia Nacional de Combate ao Sedentarismo<\/strong><\/p>\n\n\n\n<p class=\"has-accent-color has-text-color\">12\/03 &#8211; <strong>Dia Mundial do Glaucoma<\/strong><\/p>\n\n\n\n<div style=\"height:50px\" aria-hidden=\"true\" class=\"wp-block-spacer\"><\/div>\n\n\n\n<h3 class=\"wp-block-heading has-accent-color has-text-color\">Datas Fixas da Segunda Quinzena de Mar\u00e7o<\/h3>\n\n\n\n<div style=\"height:25px\" aria-hidden=\"true\" class=\"wp-block-spacer\"><\/div>\n\n\n\n<p class=\"has-accent-color has-text-color\">15\/03 &#8211; <strong>Dia Nacional do Consumidor<\/strong><\/p>\n\n\n\n<p class=\"has-accent-color has-text-color\">15\/03 &#8211; <strong>Dia Mundial dos Direitos do Consumidor<\/strong><\/p>\n\n\n\n<p class=\"has-accent-color has-text-color\">19\/03 &#8211; <strong>Dia Internacional do Cliente<\/strong> (mais forte nos EUA e Europa, no Brasil \u00e9 mais comum comemorar o Dia do Cliente em 15\/09)<\/p>\n\n\n\n<p class=\"has-accent-color has-text-color\">20\/03 &#8211; <strong>In\u00edcio do Outono<\/strong><\/p>\n\n\n\n<p class=\"has-accent-color has-text-color\">20\/03 &#8211;<strong>&nbsp;Dia Mundial da Sa\u00fade Bucal<\/strong><\/p>\n\n\n\n<p class=\"has-accent-color has-text-color\">20\/03 &#8211; <strong>Dia Nacional de Aten\u00e7\u00e3o \u00e0 Disfagia<\/strong><\/p>\n\n\n\n<p class=\"has-accent-color has-text-color\">20\/03 &#8211; <strong>Dia Internacional da Felicidade<\/strong> (Criado pela ONU)<\/p>\n\n\n\n<p class=\"has-accent-color has-text-color\">21\/03 &#8211;&nbsp;<strong>Dia Nacional e Internacional da S\u00edndrome de Down<\/strong> (Criado pela ONU)<\/p>\n\n\n\n<p class=\"has-accent-color has-text-color\">21\/03 &#8211;&nbsp;<strong>Dia Mundial da Inf\u00e2ncia<\/strong><\/p>\n\n\n\n<p class=\"has-accent-color has-text-color\">21\/03 &#8211;&nbsp;<strong>Dia Internacional contra a Discrimina\u00e7\u00e3o Racial<\/strong><\/p>\n\n\n\n<p class=\"has-accent-color has-text-color\">22\/03 &#8211;&nbsp;<strong>Dia Nacional e Mundial da \u00c1gua<\/strong> (Criado pela OMS e endossado pela ONU)<\/p>\n\n\n\n<p class=\"has-accent-color has-text-color\">23\/03 &#8211; <strong>Dia do Acupunturista<\/strong><\/p>\n\n\n\n<p class=\"has-accent-color has-text-color\">23\/03 &#8211; <strong>Dia do Terceiro Setor<\/strong><\/p>\n\n\n\n<p class=\"has-accent-color has-text-color\">24\/03 &#8211;&nbsp;<strong>Dia Mundial de Combate \u00e0 Tuberculose<\/strong> (Criado pela OMS e endossado pela ONU)<\/p>\n\n\n\n<p class=\"has-accent-color has-text-color\">24\/03 &#8211; <strong>Dia do <strong>M\u00e9dico <\/strong>Geront\u00f3logo<\/strong><\/p>\n\n\n\n<p class=\"has-accent-color has-text-color\">25\/03 &#8211; <strong>Dia da Crian\u00e7a<\/strong> (apesar de tradicionalmente comemorada a Festa da Crian\u00e7a, em 12\/10, e temos tamb\u00e9m o Dia Universal da Crian\u00e7a, em 20\/11, criado pela ONU em 1959)<\/p>\n\n\n\n<p class=\"has-accent-color has-text-color\">26\/03 &#8211; <strong>Dia do Cacau<\/strong><\/p>\n\n\n\n<p class=\"has-accent-color has-text-color\">26\/03 &#8211;&nbsp;<strong>Dia Mundial de Conscientiza\u00e7\u00e3o da Epilepsia<\/strong><\/p>\n\n\n\n<p class=\"has-accent-color has-text-color\">27\/03 &#8211; <strong>Dia do Servi\u00e7o de Sa\u00fade<\/strong><\/p>\n\n\n\n<p class=\"has-accent-color has-text-color\">30\/03 &#8211; <strong>Dia Mundial do Transtorno Bipolar<\/strong><\/p>\n\n\n\n<p class=\"has-accent-color has-text-color\">30\/03 &#8211; <strong>Dia da Anestesia Geral<\/strong><\/p>\n\n\n\n<p class=\"has-accent-color has-text-color\">31\/03 &#8211;&nbsp;<strong>Dia da Sa\u00fade e da Nutri\u00e7\u00e3o<\/strong><\/p>\n\n\n\n<div style=\"height:50px\" aria-hidden=\"true\" class=\"wp-block-spacer\"><\/div>\n\n\n\n<p class=\"has-text-color\" style=\"color:#23265e\">Precisa de ajuda para se comunicar com seu p\u00fablico nessas datas publicit\u00e1rias da sa\u00fade para o m\u00eas de mar\u00e7o? A <a href=\"https:\/\/doctormkt.com.br\" target=\"_blank\" rel=\"noreferrer noopener\">Doctor Mkt<\/a> \u00e9 refer\u00eancia na divulga\u00e7\u00e3o de m\u00e9dicos, cl\u00ednicas e hospitais. Conte conosco!<\/p>\n\n\n<!-- Subscription Form -->\r\n <style >.sp-force-hide { display: none;}.sp-form[sp-id=\"225952\"] { display: block; background: #ffffff; padding: 10px; width: 800px; max-width: 100%; border-radius: 14px; font-family: Tahoma, Geneva, sans-serif; background-repeat: no-repeat; background-position: center; background-size: auto; border-width: 1px; border-color: #dddddd; border-style: solid;}.sp-form[sp-id=\"225952\"] input[type=\"checkbox\"] { display: inline-block; opacity: 1; visibility: visible;}.sp-form[sp-id=\"225952\"] .sp-form-fields-wrapper { margin: 0 auto; width: 780px;}.sp-form[sp-id=\"225952\"] .sp-form-control { background: #ffffff; border-color: #cccccc; border-style: solid; border-width: 1px; font-size: 15px; padding-left: 8.75px; padding-right: 8.75px; border-radius: 4px; height: 35px; width: 100%;}.sp-form[sp-id=\"225952\"] .sp-field label { color: #444444; font-size: 13px; font-style: normal; font-weight: bold;}.sp-form[sp-id=\"225952\"] .sp-button-messengers { border-radius: 4px;}.sp-form[sp-id=\"225952\"] .sp-button { border-radius: 4px; background-color: #282a5e; color: #ffffff; width: auto; font-weight: 700; font-style: normal; font-family: Arial, sans-serif; box-shadow: none; background: linear-gradient(to top, #161733 , #3a3d89);}.sp-form[sp-id=\"225952\"] .sp-button-container { text-align: left;}<\/style><div class=\"sp-form-outer sp-force-hide\"><div id=\"sp-form-225952\" sp-id=\"225952\" sp-hash=\"545ca5e38d18168045ad18eb4223304a4562975556c6a2cc3cb94a8f768b25fc\" sp-lang=\"pt-br\" class=\"sp-form sp-form-regular sp-form-embed sp-form-horizontal\" sp-show-options=\"%7B%22satellite%22%3Afalse%2C%22maDomain%22%3A%22login.sendpulse.com%22%2C%22formsDomain%22%3A%22forms.sendpulse.com%22%2C%22condition%22%3A%22onEnter%22%2C%22scrollTo%22%3A25%2C%22delay%22%3A10%2C%22repeat%22%3A3%2C%22background%22%3A%22rgba(0%2C%200%2C%200%2C%200.5)%22%2C%22position%22%3A%22bottom-right%22%2C%22animation%22%3A%22%22%2C%22hideOnMobile%22%3Afalse%2C%22submitRedirectUrl%22%3A%22%22%2C%22urlFilter%22%3Afalse%2C%22urlFilterConditions%22%3A%5B%7B%22force%22%3A%22hide%22%2C%22clause%22%3A%22contains%22%2C%22token%22%3A%22%22%7D%5D%2C%22analytics%22%3A%7B%22ga%22%3A%7B%22eventLabel%22%3Anull%2C%22send%22%3Afalse%7D%2C%22ym%22%3A%7B%22counterId%22%3Anull%2C%22eventLabel%22%3Anull%2C%22targetId%22%3Anull%2C%22send%22%3Afalse%7D%7D%2C%22utmEnable%22%3Afalse%7D\"><div class=\"sp-form-fields-wrapper\"><div class=\"sp-message\"><div><\/div><\/div><form novalidate=\"\" class=\"sp-element-container \"><div class=\"sp-field sp-field-full-width\" sp-id=\"sp-e16efa15-12d9-41a0-8a18-84db7e1f3ef7\"><div style=\"font-family: inherit; line-height: 1.2;\"><p>Inscreva-se para receber nosso E-book exclusivo e ficar por dentro de todas as novidades do blog!<\/p><\/div><\/div><div class=\"sp-field \" sp-id=\"sp-f2322e13-62dc-488e-9029-3d9f099f6d8b\"><label class=\"sp-control-label\"><span >Nome<\/span><\/label><input type=\"text\" sp-type=\"input\" name=\"sform[Tm9tZQ==]\" class=\"sp-form-control \" placeholder=\"Seu nome\" sp-tips=\"%7B%7D\" autocomplete=\"on\"><\/div><div class=\"sp-field \" sp-id=\"sp-1787f7e3-97c2-4703-a852-4fc77285a91d\"><label class=\"sp-control-label\"><span >WhatsApp<\/span><\/label><input type=\"text\" sp-type=\"input\" name=\"sform[V2hhdHNhcHA=]\" class=\"sp-form-control \" placeholder=\"Seu telefone\" sp-tips=\"%7B%7D\" autocomplete=\"on\"><\/div><div class=\"sp-field \" sp-id=\"sp-7ffbb9ac-dfda-473e-8ce1-016f9330aeb8\"><label class=\"sp-control-label\"><span >E-mail<\/span><strong >*<\/strong><\/label><input type=\"email\" sp-type=\"email\" name=\"sform[email]\" class=\"sp-form-control \" placeholder=\"seunome@seuemail.com.br\" sp-tips=\"%7B%22required%22%3A%22Campo%20obrigat%C3%B3rio%22%2C%22wrong%22%3A%22E-mail%20errado%22%7D\" autocomplete=\"on\" required=\"required\"><\/div><div class=\"sp-field sp-button-container \" sp-id=\"sp-2bcfc5d0-1b1d-4fe4-b67d-ac6960892c70\"><button id=\"sp-2bcfc5d0-1b1d-4fe4-b67d-ac6960892c70\" class=\"sp-button\">Inscrever-se <\/button><\/div><\/form><div class=\"sp-link-wrapper sp-brandname__left\"><a class=\"sp-link \" target=\"_blank\" href=\"https:\/\/sendpulse.com\/forms-powered-by-sendpulse?sn=RG9jdG9yIE1rdCBMdGRh&amp;from=8183578\"><span class=\"sp-link-img\">&nbsp;<\/span><span translate=\"FORM.PROVIDED_BY\">Desenvolvido por SendPulse<\/span><\/a><\/div><\/div><\/div><\/div><script type=\"text\/javascript\" async=\"async\" src=\"\/\/web.webformscr.com\/apps\/fc3\/build\/default-handler.js?1689226962100\"><\/script> \r\n<!-- \/Subscription Form -->\n\n\n\n<div class=\"wp-block-buttons is-horizontal is-content-justification-center is-layout-flex wp-container-core-buttons-is-layout-769315fb wp-block-buttons-is-layout-flex\">\n<div class=\"wp-block-button is-style-fill\"><a class=\"wp-block-button__link has-accent-background-color has-background wp-element-button\" href=\"https:\/\/doctormkt.com.br\" style=\"border-radius:8px\" target=\"_blank\" rel=\"noreferrer noopener\">Conhe\u00e7a a Doctor Mkt<\/a><\/div>\n\n\n\n<div class=\"wp-block-button is-style-fill\"><a class=\"wp-block-button__link has-background wp-element-button\" href=\"https:\/\/wa.me\/5541991217947\" style=\"border-radius:8px;background-color:#006d56\" target=\"_blank\" rel=\"noreferrer noopener\">Fale com um analista<\/a><\/div>\n<\/div>\n\n\n\n<div style=\"height:30px\" aria-hidden=\"true\" class=\"wp-block-spacer\"><\/div>\n\n\n\n<div style=\"height:100px\" aria-hidden=\"true\" class=\"wp-block-spacer\"><\/div>\n\n\n\n<hr class=\"wp-block-separator has-text-color has-alpha-channel-opacity has-background\" style=\"background-color:#006d56;color:#006d56\"\/>\n\n\n\n<div style=\"height:100px\" aria-hidden=\"true\" class=\"wp-block-spacer\"><\/div>\n\n\n\n<h2 class=\"wp-block-heading has-accent-color has-text-color has-large-font-size\" id=\"datas-de-abril\">Datas Comemorativas de Abril<\/h2>\n\n\n\n<div style=\"height:50px\" aria-hidden=\"true\" class=\"wp-block-spacer\"><\/div>\n\n\n\n<h3 class=\"wp-block-heading has-accent-color has-text-color\">Eventos e Datas M\u00f3veis de Abril<\/h3>\n\n\n\n<div style=\"height:15px\" aria-hidden=\"true\" class=\"wp-block-spacer\"><\/div>\n\n\n\n<ul style=\"font-size:18px\" class=\"has-white-color has-accent-background-color has-text-color has-background wp-block-list\">\n<li>Primeiro domingo depois da lua cheia do equin\u00f3cio de Mar\u00e7o &#8211; <strong>P\u00e1scoa<\/strong><br><br><\/li>\n\n\n\n<li>02 a 07\/04 &#8211; <strong>Semana da Sa\u00fade no Brasil<\/strong><br><br><\/li>\n\n\n\n<li>\u00daltimo s\u00e1bado do m\u00eas de Abril &#8211; <strong>Dia Mundial da Medicina Veterin\u00e1ria<\/strong><br><br><\/li>\n\n\n\n<li>\u00daltima semana de Abril &#8211; <strong>Semana Mundial da Imuniza\u00e7\u00e3o<\/strong> (criada pela OMS e endossado pela ONU)<br><br><\/li>\n\n\n\n<li>Abril Azul &#8211;&nbsp;<strong>Confian\u00e7a nas Vacinas: Eu Cuido, Eu Confio, Eu Vacino<\/strong><br><br><\/li>\n\n\n\n<li>Abril Quebra-Cabe\u00e7a &#8211;&nbsp;<strong>Autismo<\/strong><br><br><\/li>\n\n\n\n<li>Abril Amarelo &#8211; <strong>Conscientiza\u00e7\u00e3o do C\u00e2ncer \u00d3sseo<\/strong><br><br><\/li>\n\n\n\n<li>Abril Marrom &#8211; <strong>Alerta para a Sa\u00fade dos Olhos e Preven\u00e7\u00e3o da Cegueira<\/strong><br><br><\/li>\n\n\n\n<li>Abril Lil\u00e1s &#8211; <strong>Preven\u00e7\u00e3o e Combate ao C\u00e2ncer&nbsp;do Test\u00edculo<\/strong><br><br><\/li>\n\n\n\n<li>Abril Azul Claro &#8211; <strong>Preven\u00e7\u00e3o e Combate ao C\u00e2ncer&nbsp;de Es\u00f4fago<\/strong><br><br><\/li>\n\n\n\n<li>Abril Vermelho e Branco &#8211; <strong>Preven\u00e7\u00e3o e Combate ao C\u00e2ncer&nbsp;de Cabe\u00e7a e Pesco\u00e7o<\/strong> (cor pol\u00eamica e menos usada, j\u00e1 que tamb\u00e9m se adota o Julho Verde, m\u00eas do Dia Mundial da Preven\u00e7\u00e3o e Combate ao C\u00e2ncer de Cabe\u00e7a e Pesco\u00e7o, que acontece em 27\/07)<\/li>\n<\/ul>\n\n\n\n<div style=\"height:50px\" aria-hidden=\"true\" class=\"wp-block-spacer\"><\/div>\n\n\n\n<h3 class=\"wp-block-heading has-accent-color has-text-color\">Datas Fixas da Primeira Quinzena de Abril<\/h3>\n\n\n\n<div style=\"height:25px\" aria-hidden=\"true\" class=\"wp-block-spacer\"><\/div>\n\n\n\n<p class=\"has-accent-color has-text-color\">02\/04 &#8211;&nbsp;<strong>Dia Mundial da Conscientiza\u00e7\u00e3o do Autismo<\/strong> (Criado pela ONU)<\/p>\n\n\n\n<p class=\"has-accent-color has-text-color\">04\/04 &#8211;&nbsp;<strong>Dia Nacional do Portador da Doen\u00e7a de Parkinson<\/strong><\/p>\n\n\n\n<p class=\"has-accent-color has-text-color\">05\/04 &#8211; <strong>Dia Internacional da Consci\u00eancia<\/strong> (criado pela ONU, por a\u00e7\u00f5es que promovam a paz, inclus\u00e3o e a toler\u00e2ncia)<\/p>\n\n\n\n<p class=\"has-accent-color has-text-color\">06\/04 &#8211;&nbsp;<strong>Dia Internacional do Esporte para o Desenvolvimento e Paz<\/strong><\/p>\n\n\n\n<p class=\"has-accent-color has-text-color\">06\/04 &#8211;<strong>&nbsp;Dia Nacional de Mobiliza\u00e7\u00e3o pela Promo\u00e7\u00e3o da Sa\u00fade e Qualidade de Vida<\/strong><\/p>\n\n\n\n<p class=\"has-accent-color has-text-color\">07\/04 &#8211;&nbsp;<strong>Dia Mundial da Sa\u00fade<\/strong> (Criado pela OMS e endossado pela ONU)<\/p>\n\n\n\n<p class=\"has-accent-color has-text-color\">07\/04 &#8211;&nbsp;<strong>Dia do M\u00e9dico Legista<\/strong><\/p>\n\n\n\n<p class=\"has-accent-color has-text-color\">08\/04 &#8211;&nbsp;<strong>Dia Mundial de Luta Contra o C\u00e2ncer<\/strong><\/p>\n\n\n\n<p class=\"has-accent-color has-text-color\">08\/04 &#8211; <strong>Dia Nacional do Sistema Braille<\/strong><\/p>\n\n\n\n<p class=\"has-accent-color has-text-color\">08\/04 &#8211; <strong>Dia da Nata\u00e7\u00e3o<\/strong><\/p>\n\n\n\n<p class=\"has-accent-color has-text-color\">10\/04 &#8211; <strong>Dia Mundial da Homeopatia<\/strong><\/p>\n\n\n\n<p class=\"has-accent-color has-text-color\">11\/04 &#8211;&nbsp;<strong>Dia do <strong>M\u00e9dico <\/strong>Infectologista<\/strong><\/p>\n\n\n\n<p class=\"has-accent-color has-text-color\">11\/04 &#8211;<strong>&nbsp;Dia Mundial de Conscientiza\u00e7\u00e3o da Doen\u00e7a de Parkinson<\/strong><\/p>\n\n\n\n<p class=\"has-accent-color has-text-color\">12\/04 &#8211;<strong>&nbsp;Dia do M\u00e9dico Obstetra<\/strong><\/p>\n\n\n\n<p class=\"has-accent-color has-text-color\">13\/04 &#8211; <strong>Dia Internacional da Conscientiza\u00e7\u00e3o sobre Desordens Neurol\u00f3gicas Funcionais<\/strong> (criado pela organiza\u00e7\u00e3o <a href=\"https:\/\/fndhope.org\/\" target=\"_blank\" rel=\"noreferrer noopener\">FND HOPE<\/a>)<\/p>\n\n\n\n<p class=\"has-accent-color has-text-color\">13\/04 &#8211;<strong>&nbsp;Dia do Internacional do Beijo<\/strong> (tamb\u00e9m \u00e9 comemorado em 06\/07)<\/p>\n\n\n\n<p class=\"has-accent-color has-text-color\">13\/04 &#8211; <strong>Dia do Jovem<\/strong><\/p>\n\n\n\n<p class=\"has-accent-color has-text-color\">14\/04 &#8211; <strong>Dia Mundial da Doen\u00e7a de Chagas<\/strong> (Criado pela OMS e endossado pela ONU)<\/p>\n\n\n\n<p class=\"has-accent-color has-text-color\">14\/04 &#8211;&nbsp;<strong>Dia do T\u00e9cnico em Servi\u00e7o de Sa\u00fade<\/strong><\/p>\n\n\n\n<p class=\"has-accent-color has-text-color\">14\/04 &#8211; <strong>Dia do M\u00e9dico Neurocirurgi\u00e3o<\/strong><\/p>\n\n\n\n<div style=\"height:50px\" aria-hidden=\"true\" class=\"wp-block-spacer\"><\/div>\n\n\n\n<h3 class=\"wp-block-heading has-accent-color has-text-color\">Datas Fixas da Segunda Quinzena de Abril<\/h3>\n\n\n\n<div style=\"height:25px\" aria-hidden=\"true\" class=\"wp-block-spacer\"><\/div>\n\n\n\n<p class=\"has-accent-color has-text-color\">16\/04 &#8211; <strong>Dia Nacional e Mundial da Voz<\/strong><\/p>\n\n\n\n<p class=\"has-accent-color has-text-color\">17\/04 &#8211;&nbsp;<strong>Dia Internacional da Hemofilia<\/strong><\/p>\n\n\n\n<p class=\"has-accent-color has-text-color\">22\/04 &#8211; <strong>Dia Nacional da Tontura<\/strong><\/p>\n\n\n\n<p class=\"has-accent-color has-text-color\">23\/04 &#8211; <strong>Dia Nacional da Educa\u00e7\u00e3o de Surdos<\/strong><\/p>\n\n\n\n<p class=\"has-accent-color has-text-color\">24\/04 &#8211; <strong>Dia Mundial pelos Animais em Laborat\u00f3rios<\/strong>&nbsp;(criada em 1875 pela <a href=\"http:\/\/www.navs.org.uk\/\" target=\"_blank\" rel=\"noreferrer noopener\">NAVS<\/a>)<\/p>\n\n\n\n<p class=\"has-accent-color has-text-color\">24\/04 &#8211;&nbsp;<strong>Dia Mundial de Combate \u00e0 Meningite<\/strong><\/p>\n\n\n\n<p class=\"has-accent-color has-text-color\">25\/04 &#8211;&nbsp;<strong>Dia Mundial da Luta contra a Mal\u00e1ria<\/strong> (Criado pela OMS e endossado pela ONU)<\/p>\n\n\n\n<p class=\"has-accent-color has-text-color\">26\/04 &#8211;&nbsp;<strong>Dia Nacional de Preven\u00e7\u00e3o e Combate \u00e0 Hipertens\u00e3o Arterial<\/strong><\/p>\n\n\n\n<p class=\"has-accent-color has-text-color\">28\/04 &#8211; <strong>Dia Mundial da Seguran\u00e7a e da Sa\u00fade no Trabalho<\/strong> (Criado pela ONU)<\/p>\n\n\n\n<p class=\"has-accent-color has-text-color\">28\/04 &#8211; <strong>Dia Internacional em Mem\u00f3ria \u00e0s V\u00edtimas de Acidentes e Doen\u00e7as de Trabalho<\/strong><\/p>\n\n\n\n<p class=\"has-accent-color has-text-color\">30\/04 &#8211;&nbsp;<strong>Dia Nacional da Mulher<\/strong><\/p>\n\n\n\n<p class=\"has-accent-color has-text-color\">30\/04 &#8211; <strong>Dia Internacional da Conscientiza\u00e7\u00e3o sobre Sarcoidose<\/strong> (criado pela <a href=\"https:\/\/www.stopsarcoidosis.org\/\" target=\"_blank\" rel=\"noreferrer noopener\">FSR<\/a>)<\/p>\n\n\n\n<div style=\"height:50px\" aria-hidden=\"true\" class=\"wp-block-spacer\"><\/div>\n\n\n\n<p class=\"has-text-color\" style=\"color:#23265e\">Precisa de ajuda para se comunicar com seu p\u00fablico nessas datas publicit\u00e1rias da sa\u00fade para o m\u00eas de abril? A <a href=\"https:\/\/doctormkt.com.br\" target=\"_blank\" rel=\"noreferrer noopener\">Doctor Mkt<\/a> \u00e9 refer\u00eancia na divulga\u00e7\u00e3o de m\u00e9dicos, cl\u00ednicas e hospitais. Conte conosco!<\/p>\n\n\n\n<div style=\"height:30px\" aria-hidden=\"true\" class=\"wp-block-spacer\"><\/div>\n\n\n<!-- Subscription Form -->\r\n <style >.sp-force-hide { display: none;}.sp-form[sp-id=\"225952\"] { display: block; background: #ffffff; padding: 10px; width: 800px; max-width: 100%; border-radius: 14px; font-family: Tahoma, Geneva, sans-serif; background-repeat: no-repeat; background-position: center; background-size: auto; border-width: 1px; border-color: #dddddd; border-style: solid;}.sp-form[sp-id=\"225952\"] input[type=\"checkbox\"] { display: inline-block; opacity: 1; visibility: visible;}.sp-form[sp-id=\"225952\"] .sp-form-fields-wrapper { margin: 0 auto; width: 780px;}.sp-form[sp-id=\"225952\"] .sp-form-control { background: #ffffff; border-color: #cccccc; border-style: solid; border-width: 1px; font-size: 15px; padding-left: 8.75px; padding-right: 8.75px; border-radius: 4px; height: 35px; width: 100%;}.sp-form[sp-id=\"225952\"] .sp-field label { color: #444444; font-size: 13px; font-style: normal; font-weight: bold;}.sp-form[sp-id=\"225952\"] .sp-button-messengers { border-radius: 4px;}.sp-form[sp-id=\"225952\"] .sp-button { border-radius: 4px; background-color: #282a5e; color: #ffffff; width: auto; font-weight: 700; font-style: normal; font-family: Arial, sans-serif; box-shadow: none; background: linear-gradient(to top, #161733 , #3a3d89);}.sp-form[sp-id=\"225952\"] .sp-button-container { text-align: left;}<\/style><div class=\"sp-form-outer sp-force-hide\"><div id=\"sp-form-225952\" sp-id=\"225952\" sp-hash=\"545ca5e38d18168045ad18eb4223304a4562975556c6a2cc3cb94a8f768b25fc\" sp-lang=\"pt-br\" class=\"sp-form sp-form-regular sp-form-embed sp-form-horizontal\" sp-show-options=\"%7B%22satellite%22%3Afalse%2C%22maDomain%22%3A%22login.sendpulse.com%22%2C%22formsDomain%22%3A%22forms.sendpulse.com%22%2C%22condition%22%3A%22onEnter%22%2C%22scrollTo%22%3A25%2C%22delay%22%3A10%2C%22repeat%22%3A3%2C%22background%22%3A%22rgba(0%2C%200%2C%200%2C%200.5)%22%2C%22position%22%3A%22bottom-right%22%2C%22animation%22%3A%22%22%2C%22hideOnMobile%22%3Afalse%2C%22submitRedirectUrl%22%3A%22%22%2C%22urlFilter%22%3Afalse%2C%22urlFilterConditions%22%3A%5B%7B%22force%22%3A%22hide%22%2C%22clause%22%3A%22contains%22%2C%22token%22%3A%22%22%7D%5D%2C%22analytics%22%3A%7B%22ga%22%3A%7B%22eventLabel%22%3Anull%2C%22send%22%3Afalse%7D%2C%22ym%22%3A%7B%22counterId%22%3Anull%2C%22eventLabel%22%3Anull%2C%22targetId%22%3Anull%2C%22send%22%3Afalse%7D%7D%2C%22utmEnable%22%3Afalse%7D\"><div class=\"sp-form-fields-wrapper\"><div class=\"sp-message\"><div><\/div><\/div><form novalidate=\"\" class=\"sp-element-container \"><div class=\"sp-field sp-field-full-width\" sp-id=\"sp-e16efa15-12d9-41a0-8a18-84db7e1f3ef7\"><div style=\"font-family: inherit; line-height: 1.2;\"><p>Inscreva-se para receber nosso E-book exclusivo e ficar por dentro de todas as novidades do blog!<\/p><\/div><\/div><div class=\"sp-field \" sp-id=\"sp-f2322e13-62dc-488e-9029-3d9f099f6d8b\"><label class=\"sp-control-label\"><span >Nome<\/span><\/label><input type=\"text\" sp-type=\"input\" name=\"sform[Tm9tZQ==]\" class=\"sp-form-control \" placeholder=\"Seu nome\" sp-tips=\"%7B%7D\" autocomplete=\"on\"><\/div><div class=\"sp-field \" sp-id=\"sp-1787f7e3-97c2-4703-a852-4fc77285a91d\"><label class=\"sp-control-label\"><span >WhatsApp<\/span><\/label><input type=\"text\" sp-type=\"input\" name=\"sform[V2hhdHNhcHA=]\" class=\"sp-form-control \" placeholder=\"Seu telefone\" sp-tips=\"%7B%7D\" autocomplete=\"on\"><\/div><div class=\"sp-field \" sp-id=\"sp-7ffbb9ac-dfda-473e-8ce1-016f9330aeb8\"><label class=\"sp-control-label\"><span >E-mail<\/span><strong >*<\/strong><\/label><input type=\"email\" sp-type=\"email\" name=\"sform[email]\" class=\"sp-form-control \" placeholder=\"seunome@seuemail.com.br\" sp-tips=\"%7B%22required%22%3A%22Campo%20obrigat%C3%B3rio%22%2C%22wrong%22%3A%22E-mail%20errado%22%7D\" autocomplete=\"on\" required=\"required\"><\/div><div class=\"sp-field sp-button-container \" sp-id=\"sp-2bcfc5d0-1b1d-4fe4-b67d-ac6960892c70\"><button id=\"sp-2bcfc5d0-1b1d-4fe4-b67d-ac6960892c70\" class=\"sp-button\">Inscrever-se <\/button><\/div><\/form><div class=\"sp-link-wrapper sp-brandname__left\"><a class=\"sp-link \" target=\"_blank\" href=\"https:\/\/sendpulse.com\/forms-powered-by-sendpulse?sn=RG9jdG9yIE1rdCBMdGRh&amp;from=8183578\"><span class=\"sp-link-img\">&nbsp;<\/span><span translate=\"FORM.PROVIDED_BY\">Desenvolvido por SendPulse<\/span><\/a><\/div><\/div><\/div><\/div><script type=\"text\/javascript\" async=\"async\" src=\"\/\/web.webformscr.com\/apps\/fc3\/build\/default-handler.js?1689226962100\"><\/script> \r\n<!-- \/Subscription Form -->\n\n\n\n<div class=\"wp-block-buttons is-horizontal is-content-justification-center is-layout-flex wp-container-core-buttons-is-layout-769315fb wp-block-buttons-is-layout-flex\">\n<div class=\"wp-block-button is-style-fill\"><a class=\"wp-block-button__link has-accent-background-color has-background wp-element-button\" href=\"https:\/\/doctormkt.com.br\" style=\"border-radius:8px\" target=\"_blank\" rel=\"noreferrer noopener\">Conhe\u00e7a a Doctor Mkt<\/a><\/div>\n\n\n\n<div class=\"wp-block-button is-style-fill\"><a class=\"wp-block-button__link has-background wp-element-button\" href=\"https:\/\/wa.me\/5541991217947\" style=\"border-radius:8px;background-color:#006d56\" target=\"_blank\" rel=\"noreferrer noopener\">Fale com um analista<\/a><\/div>\n<\/div>\n\n\n\n<div style=\"height:100px\" aria-hidden=\"true\" class=\"wp-block-spacer\"><\/div>\n\n\n\n<hr class=\"wp-block-separator has-text-color has-alpha-channel-opacity has-background\" style=\"background-color:#006d56;color:#006d56\"\/>\n\n\n\n<div style=\"height:100px\" aria-hidden=\"true\" class=\"wp-block-spacer\"><\/div>\n\n\n\n<h2 class=\"wp-block-heading has-accent-color has-text-color has-large-font-size\" id=\"datas-de-maio\">Datas Publicit\u00e1rias de Maio<\/h2>\n\n\n\n<div style=\"height:50px\" aria-hidden=\"true\" class=\"wp-block-spacer\"><\/div>\n\n\n\n<h3 class=\"wp-block-heading has-accent-color has-text-color\">Eventos e Datas M\u00f3veis de Maio<\/h3>\n\n\n\n<div style=\"height:15px\" aria-hidden=\"true\" class=\"wp-block-spacer\"><\/div>\n\n\n\n<ul style=\"font-size:18px\" class=\"has-white-color has-accent-background-color has-text-color has-background wp-block-list\">\n<li>M\u00eas de Maio &#8211; <strong>Desafio &#8220;Walk the Talk&#8221;: Sa\u00fade para Todos <\/strong>(Walk the talk \u00e9 uma express\u00e3o que significa &#8220;estar de acordo com o que se fala&#8221;, ou &#8220;cumprir com aquilo que se promete&#8221;, criado pela OMS)<br><br><\/li>\n\n\n\n<li>Primeira ter\u00e7a-feira de Maio &#8211;&nbsp;<strong>Dia Mundial de Combate a Asma<\/strong><br><br><\/li>\n\n\n\n<li>Primeiro s\u00e1bado de Maio &#8211; <strong>Dia Mundial da Risada<\/strong><br><br><\/li>\n\n\n\n<li>Data na primeira semana de Maio &#8211; <strong>Dia Mundial da Luta Contra a Asma<\/strong> (criado pela GINA, com a <a href=\"https:\/\/ginasthma.org\/\" target=\"_blank\" rel=\"noreferrer noopener\">data divulgada anualmente no site oficial<\/a>)<br><br><\/li>\n\n\n\n<li>Segunda sexta-feira de Maio &#8211;<strong>&nbsp;Dia de Bike ao Trabalho<\/strong><br><br><\/li>\n\n\n\n<li>Segundo domingo de Maio<strong>&nbsp;&#8211; Dia das M\u00e3es<\/strong><br><br><\/li>\n\n\n\n<li>Semana de 12 a 20 de Maio &#8211; <strong>Semana da Enfermagem<\/strong><br><br><\/li>\n\n\n\n<li>Semana que incluir o dia 19 de Maio &#8211; <strong>Semana Nacional de Doa\u00e7\u00e3o do Leite Humano<\/strong><br><br><\/li>\n\n\n\n<li>Terceiro domingo de Maio &#8211;<strong>&nbsp;Dia Internacional do Cel\u00edaco<\/strong><br><br><\/li>\n\n\n\n<li>\u00daltima quarta-feira de Maio &#8211;<strong>&nbsp;Dia Mundial da Esclerose M\u00faltipla<\/strong><br><br><\/li>\n\n\n\n<li>Maio Amarelo &#8211;&nbsp;<strong>Seguran\u00e7a no Tr\u00e2nsito<\/strong> (Criado pela OMS)<br><br><\/li>\n\n\n\n<li>Maio Cinza &#8211; <strong>Preven\u00e7\u00e3o e Combate ao C\u00e2ncer&nbsp;do C\u00e9rebro<\/strong><br><br><\/li>\n\n\n\n<li>Maio Vermelho &#8211; <strong>Conscientiza\u00e7\u00e3o sobre o C\u00e2ncer Bucal<\/strong><br><br><\/li>\n\n\n\n<li>Maio Amarelo &#8211; <strong>Depress\u00e3o Entre Crian\u00e7as e Adolescentes: Pare, Observe, Acolha<\/strong><br><br><\/li>\n\n\n\n<li>Maio Roxo &#8211; <strong>Doen\u00e7as Inflamat\u00f3rias Intestinais<\/strong><\/li>\n<\/ul>\n\n\n\n<div style=\"height:50px\" aria-hidden=\"true\" class=\"wp-block-spacer\"><\/div>\n\n\n\n<h3 class=\"wp-block-heading has-accent-color has-text-color\">Datas Fixas da Primeira Quinzena de Maio<\/h3>\n\n\n\n<div style=\"height:25px\" aria-hidden=\"true\" class=\"wp-block-spacer\"><\/div>\n\n\n\n<p class=\"has-accent-color has-text-color\">01\/05 &#8211;&nbsp;<strong>Dia Internacional do Trabalhador<\/strong><\/p>\n\n\n\n<p class=\"has-accent-color has-text-color\">05\/05 &#8211;&nbsp;<strong>Dia Nacional sobre o Uso Racional de Medicamentos<\/strong><\/p>\n\n\n\n<p class=\"has-accent-color has-text-color\">05\/05 &#8211;&nbsp;<strong>Dia Mundial de Higieniza\u00e7\u00e3o das M\u00e3os<\/strong> (Criado pela OMS)<\/p>\n\n\n\n<p class=\"has-accent-color has-text-color\">05\/05 &#8211; <strong>Dia Internacional da Parteira<\/strong><\/p>\n\n\n\n<p class=\"has-accent-color has-text-color\">05\/05 &#8211; <strong>Dia Mundial do Patrim\u00f4nio Africano<\/strong> (criado pela ONU)<\/p>\n\n\n\n<p class=\"has-accent-color has-text-color\">06\/05 &#8211; <strong>Dia do Instrumentador Cir\u00fargico<\/strong><\/p>\n\n\n\n<p class=\"has-accent-color has-text-color\">06\/05 &#8211; <strong>Dia do Psicanalista<\/strong><\/p>\n\n\n\n<p class=\"has-accent-color has-text-color\">07\/05 &#8211;<strong>&nbsp;Dia do M\u00e9dico Oftalmologista<\/strong><\/p>\n\n\n\n<p class=\"has-accent-color has-text-color\">07\/05 &#8211;<strong>&nbsp;Dia Nacional de Preven\u00e7\u00e3o da Alergia<\/strong><\/p>\n\n\n\n<p class=\"has-accent-color has-text-color\">07\/05 &#8211;<strong>&nbsp;Dia Internacional da Luta contra a Endometriose<\/strong><\/p>\n\n\n\n<p class=\"has-accent-color has-text-color\">07\/05 &#8211; <strong>Dia Mundial da Espondilite Anquilosante<\/strong><\/p>\n\n\n\n<p class=\"has-accent-color has-text-color\">08\/05 &#8211;&nbsp;<strong>Dia Internacional da Cruz Vermelha e do Crescente Vermelho<\/strong><\/p>\n\n\n\n<p class=\"has-accent-color has-text-color\">08\/05 &#8211;<strong>&nbsp;Dia da Mundial da Talassemia<\/strong> (criado pela <a href=\"https:\/\/thalassaemia.org.cy\/\" target=\"_blank\" rel=\"noreferrer noopener\">TIF<\/a>)<\/p>\n\n\n\n<p class=\"has-accent-color has-text-color\">08\/05 &#8211; <strong>Dia Mundial do C\u00e2ncer de Ov\u00e1rio<\/strong><\/p>\n\n\n\n<p class=\"has-accent-color has-text-color\">08\/05 &#8211; <strong>Dia Nacional das Hemoglobinopatias<\/strong><\/p>\n\n\n\n<p class=\"has-accent-color has-text-color\">10\/05 &#8211;<strong>&nbsp;Dia Mundial do L\u00fapus<\/strong><\/p>\n\n\n\n<p class=\"has-accent-color has-text-color\">12\/05 &#8211;&nbsp;<strong>Dia Nacional e Internacional da Enfermagem<\/strong><\/p>\n\n\n\n<p class=\"has-accent-color has-text-color\">12\/05 &#8211;&nbsp;<strong>Dia da Conscientiza\u00e7\u00e3o da Fibromialgia e Fadiga Cr\u00f4nica<\/strong><\/p>\n\n\n\n<div style=\"height:50px\" aria-hidden=\"true\" class=\"wp-block-spacer\"><\/div>\n\n\n\n<h3 class=\"wp-block-heading has-accent-color has-text-color\">Datas Fixas da Segunda Quinzena de Maio<\/h3>\n\n\n\n<div style=\"height:25px\" aria-hidden=\"true\" class=\"wp-block-spacer\"><\/div>\n\n\n\n<p class=\"has-accent-color has-text-color\">15\/05 &#8211;&nbsp;<strong>Dia do Assistente Social<\/strong><\/p>\n\n\n\n<p class=\"has-accent-color has-text-color\">15\/05 &#8211;&nbsp;<strong>Dia da Fam\u00edlia<\/strong> (Criado pela ONU)<\/p>\n\n\n\n<p class=\"has-accent-color has-text-color\">15\/05 &#8211; <strong>Dia Internacional do Cel\u00edaco<\/strong><\/p>\n\n\n\n<p class=\"has-accent-color has-text-color\">15\/05 &#8211;&nbsp;<strong>Dia de Combate \u00e0 Infec\u00e7\u00e3o Hospitalar<\/strong><\/p>\n\n\n\n<p class=\"has-accent-color has-text-color\">15\/05 &#8211; <strong>Dia Nacional de Conscientiza\u00e7\u00e3o da Mucopolissacaridose<\/strong><\/p>\n\n\n\n<p class=\"has-accent-color has-text-color\">17\/05 &#8211;<strong>&nbsp;Dia Internacional do Combate \u00e0 Homofobia, Transfobia e Bifobia<\/strong><\/p>\n\n\n\n<p class=\"has-accent-color has-text-color\">17\/05 &#8211;<strong>&nbsp;Dia Mundial da Hipertens\u00e3o Arterial<\/strong><\/p>\n\n\n\n<p class=\"has-accent-color has-text-color\">17\/05 &#8211; <strong>Dia do Portador da S\u00edndrome de Recklinghausen, a Neurofibromatose<\/strong><\/p>\n\n\n\n<p class=\"has-accent-color has-text-color\">18\/05 &#8211; <strong>Dia de Conscientiza\u00e7\u00e3o sobre a Necessidade de Vacina Contra HIV\/Aids<\/strong><\/p>\n\n\n\n<p class=\"has-accent-color has-text-color\">18\/05 &#8211;&nbsp;<strong>Dia Nacional de Combate ao Abuso e Explora\u00e7\u00e3o Sexual de Crian\u00e7as e Adolescentes<\/strong><\/p>\n\n\n\n<p class=\"has-accent-color has-text-color\">18\/05 &#8211;&nbsp;<strong>Dia Nacional da Luta Antimanicomial<\/strong><\/p>\n\n\n\n<p class=\"has-accent-color has-text-color\">19\/05 &#8211;&nbsp;<strong>Dia Nacional e Mundial de Doa\u00e7\u00e3o de Leite Humano<\/strong><\/p>\n\n\n\n<p class=\"has-accent-color has-text-color\">19\/05 &#8211;&nbsp;<strong>Dia Mundial de Combate \u00e0 Hepatite<\/strong><\/p>\n\n\n\n<p class=\"has-accent-color has-text-color\">19\/05 &#8211; <strong>Dia Mundial da Doen\u00e7a Inflamat\u00f3ria Intestinal<\/strong><\/p>\n\n\n\n<p class=\"has-accent-color has-text-color\">19\/05 &#8211; <strong>Dia Nacional de Combate \u00e0 Cefaleia<\/strong><\/p>\n\n\n\n<p class=\"has-accent-color has-text-color\">20\/05 &#8211;<strong>&nbsp;Dia Nacional dos T\u00e9cnicos e Auxiliares de Enfermagem<\/strong><\/p>\n\n\n\n<p class=\"has-accent-color has-text-color\">20\/05 &#8211;<strong>&nbsp;Dia Nacional do Medicamento Gen\u00e9rico<\/strong><\/p>\n\n\n\n<p class=\"has-accent-color has-text-color\">22\/05 &#8211;<strong>&nbsp;Dia do Abra\u00e7o<\/strong><\/p>\n\n\n\n<p class=\"has-accent-color has-text-color\">23\/05 &#8211; <strong>Dia Internacional pelo Fim da F\u00edstula Obst\u00e9trica<\/strong> (criado pela ONU)<\/p>\n\n\n\n<p class=\"has-accent-color has-text-color\">24\/05 &#8211; <strong>Dia Nacional do Caf\u00e9<\/strong><\/p>\n\n\n\n<p class=\"has-accent-color has-text-color\">25\/05 &#8211;&nbsp;<strong>Dia do Massagista<\/strong><\/p>\n\n\n\n<p class=\"has-accent-color has-text-color\">25\/05 &#8211;&nbsp;<strong>Dia Mundial da Tireoide<\/strong><\/p>\n\n\n\n<p class=\"has-accent-color has-text-color\">26\/05 &#8211;&nbsp;<strong>Dia Nacional de Combate ao Glaucoma<\/strong><\/p>\n\n\n\n<p class=\"has-accent-color has-text-color\">27\/05 &#8211; <strong>Dia do Servi\u00e7o de Sa\u00fade do Ex\u00e9rcito<\/strong><\/p>\n\n\n\n<p class=\"has-accent-color has-text-color\">28\/05 &#8211;&nbsp;<strong>Dia Internacional de Luta Pela Sa\u00fade da Mulher<\/strong><\/p>\n\n\n\n<p class=\"has-accent-color has-text-color\">28\/09 &#8211; <strong>Dia da Higiene Menstrual<\/strong> (criado pela <a href=\"https:\/\/www.wash-united.org\/\" target=\"_blank\" rel=\"noreferrer noopener\">WASH United<\/a>)<\/p>\n\n\n\n<p class=\"has-accent-color has-text-color\">28\/05 &#8211;&nbsp;<strong>Dia Nacional de Redu\u00e7\u00e3o da Mortalidade Materna<\/strong><\/p>\n\n\n\n<p class=\"has-accent-color has-text-color\">29\/05 &#8211; <strong>Dia do M\u00e9dico Gastroenterologista<\/strong><\/p>\n\n\n\n<p class=\"has-accent-color has-text-color\">29\/05 &#8211;&nbsp;<strong>Dia Mundial da Sa\u00fade Digestiva<\/strong><\/p>\n\n\n\n<p class=\"has-accent-color has-text-color\">30\/05 &#8211; <strong>Dia Mundial da Esclerose M\u00faltipla<\/strong><\/p>\n\n\n\n<p class=\"has-accent-color has-text-color\">31\/05 &#8211;&nbsp;<strong>Dia Mundial Sem Tabaco<\/strong> (criado pela OMS e endossado pela ONU)<\/p>\n\n\n\n<div style=\"height:50px\" aria-hidden=\"true\" class=\"wp-block-spacer\"><\/div>\n\n\n\n<p class=\"has-text-color\" style=\"color:#23265e\">Precisa de ajuda para se comunicar com seu p\u00fablico nessas datas publicit\u00e1rias da sa\u00fade para o m\u00eas de maio? A <a href=\"https:\/\/doctormkt.com.br\" target=\"_blank\" rel=\"noreferrer noopener\">Doctor Mkt<\/a> \u00e9 refer\u00eancia na divulga\u00e7\u00e3o de m\u00e9dicos, cl\u00ednicas e hospitais. Conte conosco!<\/p>\n\n\n\n<div style=\"height:30px\" aria-hidden=\"true\" class=\"wp-block-spacer\"><\/div>\n\n\n<!-- Subscription Form -->\r\n <style >.sp-force-hide { display: none;}.sp-form[sp-id=\"225952\"] { display: block; background: #ffffff; padding: 10px; width: 800px; max-width: 100%; border-radius: 14px; font-family: Tahoma, Geneva, sans-serif; background-repeat: no-repeat; background-position: center; background-size: auto; border-width: 1px; border-color: #dddddd; border-style: solid;}.sp-form[sp-id=\"225952\"] input[type=\"checkbox\"] { display: inline-block; opacity: 1; visibility: visible;}.sp-form[sp-id=\"225952\"] .sp-form-fields-wrapper { margin: 0 auto; width: 780px;}.sp-form[sp-id=\"225952\"] .sp-form-control { background: #ffffff; border-color: #cccccc; border-style: solid; border-width: 1px; font-size: 15px; padding-left: 8.75px; padding-right: 8.75px; border-radius: 4px; height: 35px; width: 100%;}.sp-form[sp-id=\"225952\"] .sp-field label { color: #444444; font-size: 13px; font-style: normal; font-weight: bold;}.sp-form[sp-id=\"225952\"] .sp-button-messengers { border-radius: 4px;}.sp-form[sp-id=\"225952\"] .sp-button { border-radius: 4px; background-color: #282a5e; color: #ffffff; width: auto; font-weight: 700; font-style: normal; font-family: Arial, sans-serif; box-shadow: none; background: linear-gradient(to top, #161733 , #3a3d89);}.sp-form[sp-id=\"225952\"] .sp-button-container { text-align: left;}<\/style><div class=\"sp-form-outer sp-force-hide\"><div id=\"sp-form-225952\" sp-id=\"225952\" sp-hash=\"545ca5e38d18168045ad18eb4223304a4562975556c6a2cc3cb94a8f768b25fc\" sp-lang=\"pt-br\" class=\"sp-form sp-form-regular sp-form-embed sp-form-horizontal\" sp-show-options=\"%7B%22satellite%22%3Afalse%2C%22maDomain%22%3A%22login.sendpulse.com%22%2C%22formsDomain%22%3A%22forms.sendpulse.com%22%2C%22condition%22%3A%22onEnter%22%2C%22scrollTo%22%3A25%2C%22delay%22%3A10%2C%22repeat%22%3A3%2C%22background%22%3A%22rgba(0%2C%200%2C%200%2C%200.5)%22%2C%22position%22%3A%22bottom-right%22%2C%22animation%22%3A%22%22%2C%22hideOnMobile%22%3Afalse%2C%22submitRedirectUrl%22%3A%22%22%2C%22urlFilter%22%3Afalse%2C%22urlFilterConditions%22%3A%5B%7B%22force%22%3A%22hide%22%2C%22clause%22%3A%22contains%22%2C%22token%22%3A%22%22%7D%5D%2C%22analytics%22%3A%7B%22ga%22%3A%7B%22eventLabel%22%3Anull%2C%22send%22%3Afalse%7D%2C%22ym%22%3A%7B%22counterId%22%3Anull%2C%22eventLabel%22%3Anull%2C%22targetId%22%3Anull%2C%22send%22%3Afalse%7D%7D%2C%22utmEnable%22%3Afalse%7D\"><div class=\"sp-form-fields-wrapper\"><div class=\"sp-message\"><div><\/div><\/div><form novalidate=\"\" class=\"sp-element-container \"><div class=\"sp-field sp-field-full-width\" sp-id=\"sp-e16efa15-12d9-41a0-8a18-84db7e1f3ef7\"><div style=\"font-family: inherit; line-height: 1.2;\"><p>Inscreva-se para receber nosso E-book exclusivo e ficar por dentro de todas as novidades do blog!<\/p><\/div><\/div><div class=\"sp-field \" sp-id=\"sp-f2322e13-62dc-488e-9029-3d9f099f6d8b\"><label class=\"sp-control-label\"><span >Nome<\/span><\/label><input type=\"text\" sp-type=\"input\" name=\"sform[Tm9tZQ==]\" class=\"sp-form-control \" placeholder=\"Seu nome\" sp-tips=\"%7B%7D\" autocomplete=\"on\"><\/div><div class=\"sp-field \" sp-id=\"sp-1787f7e3-97c2-4703-a852-4fc77285a91d\"><label class=\"sp-control-label\"><span >WhatsApp<\/span><\/label><input type=\"text\" sp-type=\"input\" name=\"sform[V2hhdHNhcHA=]\" class=\"sp-form-control \" placeholder=\"Seu telefone\" sp-tips=\"%7B%7D\" autocomplete=\"on\"><\/div><div class=\"sp-field \" sp-id=\"sp-7ffbb9ac-dfda-473e-8ce1-016f9330aeb8\"><label class=\"sp-control-label\"><span >E-mail<\/span><strong >*<\/strong><\/label><input type=\"email\" sp-type=\"email\" name=\"sform[email]\" class=\"sp-form-control \" placeholder=\"seunome@seuemail.com.br\" sp-tips=\"%7B%22required%22%3A%22Campo%20obrigat%C3%B3rio%22%2C%22wrong%22%3A%22E-mail%20errado%22%7D\" autocomplete=\"on\" required=\"required\"><\/div><div class=\"sp-field sp-button-container \" sp-id=\"sp-2bcfc5d0-1b1d-4fe4-b67d-ac6960892c70\"><button id=\"sp-2bcfc5d0-1b1d-4fe4-b67d-ac6960892c70\" class=\"sp-button\">Inscrever-se <\/button><\/div><\/form><div class=\"sp-link-wrapper sp-brandname__left\"><a class=\"sp-link \" target=\"_blank\" href=\"https:\/\/sendpulse.com\/forms-powered-by-sendpulse?sn=RG9jdG9yIE1rdCBMdGRh&amp;from=8183578\"><span class=\"sp-link-img\">&nbsp;<\/span><span translate=\"FORM.PROVIDED_BY\">Desenvolvido por SendPulse<\/span><\/a><\/div><\/div><\/div><\/div><script type=\"text\/javascript\" async=\"async\" src=\"\/\/web.webformscr.com\/apps\/fc3\/build\/default-handler.js?1689226962100\"><\/script> \r\n<!-- \/Subscription Form -->\n\n\n\n<div class=\"wp-block-buttons is-horizontal is-content-justification-center is-layout-flex wp-container-core-buttons-is-layout-769315fb wp-block-buttons-is-layout-flex\">\n<div class=\"wp-block-button is-style-fill\"><a class=\"wp-block-button__link has-accent-background-color has-background wp-element-button\" href=\"https:\/\/doctormkt.com.br\" style=\"border-radius:8px\" target=\"_blank\" rel=\"noreferrer noopener\">Conhe\u00e7a a Doctor Mkt<\/a><\/div>\n\n\n\n<div class=\"wp-block-button is-style-fill\"><a class=\"wp-block-button__link has-background wp-element-button\" href=\"https:\/\/wa.me\/5541991217947\" style=\"border-radius:8px;background-color:#006d56\" target=\"_blank\" rel=\"noreferrer noopener\">Fale com um analista<\/a><\/div>\n<\/div>\n\n\n\n<div style=\"height:100px\" aria-hidden=\"true\" class=\"wp-block-spacer\"><\/div>\n\n\n\n<hr class=\"wp-block-separator has-text-color has-alpha-channel-opacity has-background\" style=\"background-color:#006d56;color:#006d56\"\/>\n\n\n\n<div style=\"height:100px\" aria-hidden=\"true\" class=\"wp-block-spacer\"><\/div>\n\n\n\n<h2 class=\"wp-block-heading has-accent-color has-text-color has-large-font-size\" id=\"datas-de-junho\">Datas Importantes para a Sa\u00fade em Junho<\/h2>\n\n\n\n<div style=\"height:50px\" aria-hidden=\"true\" class=\"wp-block-spacer\"><\/div>\n\n\n\n<h3 class=\"wp-block-heading has-accent-color has-text-color\">Eventos e Datas M\u00f3veis de Junho<\/h3>\n\n\n\n<div style=\"height:15px\" aria-hidden=\"true\" class=\"wp-block-spacer\"><\/div>\n\n\n\n<ul style=\"font-size:18px\" class=\"has-white-color has-accent-background-color has-text-color has-background wp-block-list\">\n<li>Primeira semana de Junho &#8211; <strong>Semana Nacional do Meio Ambiente<\/strong><br><br><\/li>\n\n\n\n<li>Primeira quarta-feira de Junho &#8211; <strong>Dia Global da Corrida<\/strong><br><br><\/li>\n\n\n\n<li>Semana de 19 a 26 &#8211; <strong>Semana Nacional Antidrogas<\/strong><br><br><\/li>\n\n\n\n<li>Junho Laranja &#8211; <strong>Doen\u00e7as do Sangue<\/strong><br><br><\/li>\n\n\n\n<li>Junho P\u00farpura &#8211;&nbsp;<strong>Dist\u00farbios de Aprendizagem<\/strong><br><br><\/li>\n\n\n\n<li>Junho Vermelho &#8211; <strong>Doa\u00e7\u00e3o de Sangue<\/strong><br><br><\/li>\n\n\n\n<li>Junho Violeta &#8211; <strong>Alerta sobre Ceratocone<\/strong><br><br><\/li>\n\n\n\n<li>Junho Preto &#8211; <strong>Preven\u00e7\u00e3o e Combate ao C\u00e2ncer&nbsp;de Pele (Melanoma)<\/strong><\/li>\n<\/ul>\n\n\n\n<div style=\"height:50px\" aria-hidden=\"true\" class=\"wp-block-spacer\"><\/div>\n\n\n\n<h3 class=\"wp-block-heading has-accent-color has-text-color\">Datas Fixas da Primeira Quinzena de Junho<\/h3>\n\n\n\n<div style=\"height:25px\" aria-hidden=\"true\" class=\"wp-block-spacer\"><\/div>\n\n\n\n<p class=\"has-accent-color has-text-color\">01\/06 &#8211; <strong>Dia Internacional<\/strong> (dos direitos) <strong>da Crian\u00e7a <\/strong>(data pol\u00eamica, ainda adotada em alguns pa\u00edses de l\u00edngua portuguesa, como Portugal e Mo\u00e7ambique, apesar de a ONU, criadora da data em 01\/06\/1950, ter alterado a comemora\u00e7\u00e3o para 20\/11 em 1959)<\/p>\n\n\n\n<p class=\"has-accent-color has-text-color\">01\/06 &#8211; <strong>Dia Global dos Pais e M\u00e3es<\/strong> (Criado pela ONU)<\/p>\n\n\n\n<p class=\"has-accent-color has-text-color\">01\/06 &#8211; <strong>Dia Mundial do Leite como um Alimento<\/strong> (criado pela ONU)<\/p>\n\n\n\n<p class=\"has-accent-color has-text-color\">02\/06 &#8211; <strong>Dia do M\u00e9dico Pneumologista<\/strong><\/p>\n\n\n\n<p class=\"has-accent-color has-text-color\">03\/06 &#8211; <strong>Dia Mundial da Bicicleta<\/strong> (criado pela ONU)<\/p>\n\n\n\n<p class=\"has-accent-color has-text-color\">03\/06 &#8211;&nbsp;<strong>Dia da Conscientiza\u00e7\u00e3o contra a Obesidade Infantil<\/strong><\/p>\n\n\n\n<p class=\"has-accent-color has-text-color\">04\/06 &#8211;&nbsp;<strong>Dia Mundial das Crian\u00e7as V\u00edtimas de Agress\u00e3o<\/strong> (Criado pela ONU)<\/p>\n\n\n\n<p class=\"has-accent-color has-text-color\">05\/06 &#8211;<strong>&nbsp;Dia Mundial do Meio Ambiente e da Ecologia<\/strong><\/p>\n\n\n\n<p class=\"has-accent-color has-text-color\">05\/06 &#8211; <strong>Dia Nacional da Reciclagem<\/strong><\/p>\n\n\n\n<p class=\"has-accent-color has-text-color\">06\/06 &#8211;&nbsp;<strong>Dia Nacional de Luta contra Queimaduras<\/strong><\/p>\n\n\n\n<p class=\"has-accent-color has-text-color\">06\/06 &#8211;&nbsp;<strong>Dia Nacional do Teste do Pezinho<\/strong><\/p>\n\n\n\n<p class=\"has-accent-color has-text-color\">07\/06 &#8211; <strong>Dia Mundial da Seguran\u00e7a dos Alimentos<\/strong> (Criado pela OMS e endossado pela ONU)<\/p>\n\n\n\n<p class=\"has-accent-color has-text-color\">08\/06 &#8211; <strong>Dia Global de Conscientiza\u00e7\u00e3o sobre o Tumor Cerebral<\/strong> (criado pela <a href=\"https:\/\/www.hirntumorhilfe.org\/\" target=\"_blank\" rel=\"noreferrer noopener\">Associa\u00e7\u00e3o Alem\u00e3 de Tumor<\/a><\/p>\n\n\n\n<p class=\"has-accent-color has-text-color\"><a href=\"https:\/\/www.hirntumorhilfe.org\/\" target=\"_blank\" rel=\"noreferrer noopener\">Cerebral<\/a>)<\/p>\n\n\n\n<p class=\"has-accent-color has-text-color\">09\/06 &#8211;&nbsp;<strong>Dia Nacional e Mundial da Imuniza\u00e7\u00e3o<\/strong><\/p>\n\n\n\n<p class=\"has-accent-color has-text-color\">09\/06 &#8211; <strong>Dia da Humaniza\u00e7\u00e3o<\/strong><\/p>\n\n\n\n<p class=\"has-accent-color has-text-color\">11\/06 &#8211;&nbsp;<strong>Dia do Educador Sanit\u00e1rio<\/strong><\/p>\n\n\n\n<p class=\"has-accent-color has-text-color\">12\/06 &#8211;&nbsp;<strong>Dia Mundial de Luta contra o Trabalho Infantil<\/strong> (Criado pela ONU)<\/p>\n\n\n\n<p class=\"has-accent-color has-text-color\">12\/06 &#8211;&nbsp;<strong>Dia dos Namorados<\/strong><\/p>\n\n\n\n<p class=\"has-accent-color has-text-color\">12\/06 &#8211; <strong>Dia da Conscientiza\u00e7\u00e3o da Cardiopatia Cong\u00eanita<\/strong><\/p>\n\n\n\n<p class=\"has-accent-color has-text-color\">13\/06 &#8211; <strong>Dia Internacional de Conscientiza\u00e7\u00e3o sobre o Albinismo<\/strong><\/p>\n\n\n\n<p class=\"has-accent-color has-text-color\">14\/06 &#8211;&nbsp;<strong>Dia Mundial do Doador de Sangue<\/strong> (Criado pela OMS)<\/p>\n\n\n\n<div style=\"height:50px\" aria-hidden=\"true\" class=\"wp-block-spacer\"><\/div>\n\n\n\n<h3 class=\"wp-block-heading has-accent-color has-text-color\">Datas Fixas da Segunda Quinzena de Junho<\/h3>\n\n\n\n<div style=\"height:25px\" aria-hidden=\"true\" class=\"wp-block-spacer\"><\/div>\n\n\n\n<p class=\"has-accent-color has-text-color\">15\/06 &#8211;&nbsp;<strong>Dia Mundial de Combate \u00e0 Viol\u00eancia Contra as Pessoas Idosas<\/strong> (Criado pela ONU)<\/p>\n\n\n\n<p class=\"has-accent-color has-text-color\">18\/06 &#8211; <strong>Dia Mundial do Orgulho Autista<\/strong><\/p>\n\n\n\n<p class=\"has-accent-color has-text-color\">18\/06 &#8211; <strong>Dia da Gastronomia Sustent\u00e1vel<\/strong> (Criado pela ONU)<\/p>\n\n\n\n<p class=\"has-accent-color has-text-color\">19\/06 &#8211;&nbsp;<strong>Anivers\u00e1rio da Lei Seca, criada em 2016<\/strong><\/p>\n\n\n\n<p class=\"has-accent-color has-text-color\">19\/06 &#8211;<strong>&nbsp;Dia Mundial de Conscientiza\u00e7\u00e3o sobre a Doen\u00e7a Falciforme<\/strong><\/p>\n\n\n\n<p class=\"has-accent-color has-text-color\">21\/06 &#8211;&nbsp;<strong>Dia Nacional de Controle da Asma<\/strong><\/p>\n\n\n\n<p class=\"has-accent-color has-text-color\">21\/06 &#8211; <strong>Dia Internacional do Ioga<\/strong> (criado pela ONU)<\/p>\n\n\n\n<p class=\"has-accent-color has-text-color\">21\/06 &#8211; <strong>In\u00edcio do Inverno<\/strong><\/p>\n\n\n\n<p class=\"has-accent-color has-text-color\">21\/06 &#8211; <strong>Dia Nacional e Mundial de Conscientiza\u00e7\u00e3o sobre a Esclerose Lateral Amiotr\u00f3fica (ELA)<\/strong><\/p>\n\n\n\n<p class=\"has-accent-color has-text-color\">24\/06 &#8211; <strong>Dia Nacional de Conscientiza\u00e7\u00e3o sobre a Fissura Labiopalatina<\/strong><\/p>\n\n\n\n<p class=\"has-accent-color has-text-color\">24\/06 &#8211; <strong>Dia Internacional do Leite<\/strong><\/p>\n\n\n\n<p class=\"has-accent-color has-text-color\">25\/06 &#8211; <strong>Dia Mundial do Vitiligo<\/strong><\/p>\n\n\n\n<p class=\"has-accent-color has-text-color\">25\/06 &#8211; <strong>Dia Internacional de Combate \u00e0s Drogas<\/strong><\/p>\n\n\n\n<p class=\"has-accent-color has-text-color\">26\/06 &#8211;&nbsp;<strong>Dia Internacional sobre o Abuso e Tr\u00e1fico Il\u00edcito de Drogas<\/strong> (Criado pela ONU)<\/p>\n\n\n\n<p class=\"has-accent-color has-text-color\">26\/06 &#8211; <strong>Dia Internacional de Apoio \u00e0s V\u00edtimas da Tortura<\/strong> (Criado pela ONU)<\/p>\n\n\n\n<p class=\"has-accent-color has-text-color\">26\/06 &#8211;<strong> Dia Nacional do Diab\u00e9tico<\/strong><\/p>\n\n\n\n<p class=\"has-accent-color has-text-color\">27\/06 &#8211; <strong>Dia Internacional do Diab\u00e9tico<\/strong><\/p>\n\n\n\n<p class=\"has-accent-color has-text-color\">27\/06 &#8211; <strong>Dia Internacional da Pessoa Surdo Cega<\/strong><\/p>\n\n\n\n<p class=\"has-accent-color has-text-color\">28\/06 &#8211;&nbsp;<strong>Dia do Orgulho LGBTQIA+<\/strong><\/p>\n\n\n\n<p class=\"has-accent-color has-text-color\">28\/06 &#8211; <strong>Dia da Revolu\u00e7\u00e3o Espiritual<\/strong><\/p>\n\n\n\n<div style=\"height:50px\" aria-hidden=\"true\" class=\"wp-block-spacer\"><\/div>\n\n\n\n<p class=\"has-text-color\" style=\"color:#23265e\">Precisa de ajuda para se comunicar com seu p\u00fablico nessas datas publicit\u00e1rias da sa\u00fade para o m\u00eas de junho? A <a href=\"https:\/\/doctormkt.com.br\" target=\"_blank\" rel=\"noreferrer noopener\">Doctor Mkt<\/a> \u00e9 refer\u00eancia na divulga\u00e7\u00e3o de m\u00e9dicos, cl\u00ednicas e hospitais. Conte conosco!<\/p>\n\n\n\n<div style=\"height:30px\" aria-hidden=\"true\" class=\"wp-block-spacer\"><\/div>\n\n\n<!-- Subscription Form -->\r\n <style >.sp-force-hide { display: none;}.sp-form[sp-id=\"225952\"] { display: block; background: #ffffff; padding: 10px; width: 800px; max-width: 100%; border-radius: 14px; font-family: Tahoma, Geneva, sans-serif; background-repeat: no-repeat; background-position: center; background-size: auto; border-width: 1px; border-color: #dddddd; border-style: solid;}.sp-form[sp-id=\"225952\"] input[type=\"checkbox\"] { display: inline-block; opacity: 1; visibility: visible;}.sp-form[sp-id=\"225952\"] .sp-form-fields-wrapper { margin: 0 auto; width: 780px;}.sp-form[sp-id=\"225952\"] .sp-form-control { background: #ffffff; border-color: #cccccc; border-style: solid; border-width: 1px; font-size: 15px; padding-left: 8.75px; padding-right: 8.75px; border-radius: 4px; height: 35px; width: 100%;}.sp-form[sp-id=\"225952\"] .sp-field label { color: #444444; font-size: 13px; font-style: normal; font-weight: bold;}.sp-form[sp-id=\"225952\"] .sp-button-messengers { border-radius: 4px;}.sp-form[sp-id=\"225952\"] .sp-button { border-radius: 4px; background-color: #282a5e; color: #ffffff; width: auto; font-weight: 700; font-style: normal; font-family: Arial, sans-serif; box-shadow: none; background: linear-gradient(to top, #161733 , #3a3d89);}.sp-form[sp-id=\"225952\"] .sp-button-container { text-align: left;}<\/style><div class=\"sp-form-outer sp-force-hide\"><div id=\"sp-form-225952\" sp-id=\"225952\" sp-hash=\"545ca5e38d18168045ad18eb4223304a4562975556c6a2cc3cb94a8f768b25fc\" sp-lang=\"pt-br\" class=\"sp-form sp-form-regular sp-form-embed sp-form-horizontal\" sp-show-options=\"%7B%22satellite%22%3Afalse%2C%22maDomain%22%3A%22login.sendpulse.com%22%2C%22formsDomain%22%3A%22forms.sendpulse.com%22%2C%22condition%22%3A%22onEnter%22%2C%22scrollTo%22%3A25%2C%22delay%22%3A10%2C%22repeat%22%3A3%2C%22background%22%3A%22rgba(0%2C%200%2C%200%2C%200.5)%22%2C%22position%22%3A%22bottom-right%22%2C%22animation%22%3A%22%22%2C%22hideOnMobile%22%3Afalse%2C%22submitRedirectUrl%22%3A%22%22%2C%22urlFilter%22%3Afalse%2C%22urlFilterConditions%22%3A%5B%7B%22force%22%3A%22hide%22%2C%22clause%22%3A%22contains%22%2C%22token%22%3A%22%22%7D%5D%2C%22analytics%22%3A%7B%22ga%22%3A%7B%22eventLabel%22%3Anull%2C%22send%22%3Afalse%7D%2C%22ym%22%3A%7B%22counterId%22%3Anull%2C%22eventLabel%22%3Anull%2C%22targetId%22%3Anull%2C%22send%22%3Afalse%7D%7D%2C%22utmEnable%22%3Afalse%7D\"><div class=\"sp-form-fields-wrapper\"><div class=\"sp-message\"><div><\/div><\/div><form novalidate=\"\" class=\"sp-element-container \"><div class=\"sp-field sp-field-full-width\" sp-id=\"sp-e16efa15-12d9-41a0-8a18-84db7e1f3ef7\"><div style=\"font-family: inherit; line-height: 1.2;\"><p>Inscreva-se para receber nosso E-book exclusivo e ficar por dentro de todas as novidades do blog!<\/p><\/div><\/div><div class=\"sp-field \" sp-id=\"sp-f2322e13-62dc-488e-9029-3d9f099f6d8b\"><label class=\"sp-control-label\"><span >Nome<\/span><\/label><input type=\"text\" sp-type=\"input\" name=\"sform[Tm9tZQ==]\" class=\"sp-form-control \" placeholder=\"Seu nome\" sp-tips=\"%7B%7D\" autocomplete=\"on\"><\/div><div class=\"sp-field \" sp-id=\"sp-1787f7e3-97c2-4703-a852-4fc77285a91d\"><label class=\"sp-control-label\"><span >WhatsApp<\/span><\/label><input type=\"text\" sp-type=\"input\" name=\"sform[V2hhdHNhcHA=]\" class=\"sp-form-control \" placeholder=\"Seu telefone\" sp-tips=\"%7B%7D\" autocomplete=\"on\"><\/div><div class=\"sp-field \" sp-id=\"sp-7ffbb9ac-dfda-473e-8ce1-016f9330aeb8\"><label class=\"sp-control-label\"><span >E-mail<\/span><strong >*<\/strong><\/label><input type=\"email\" sp-type=\"email\" name=\"sform[email]\" class=\"sp-form-control \" placeholder=\"seunome@seuemail.com.br\" sp-tips=\"%7B%22required%22%3A%22Campo%20obrigat%C3%B3rio%22%2C%22wrong%22%3A%22E-mail%20errado%22%7D\" autocomplete=\"on\" required=\"required\"><\/div><div class=\"sp-field sp-button-container \" sp-id=\"sp-2bcfc5d0-1b1d-4fe4-b67d-ac6960892c70\"><button id=\"sp-2bcfc5d0-1b1d-4fe4-b67d-ac6960892c70\" class=\"sp-button\">Inscrever-se <\/button><\/div><\/form><div class=\"sp-link-wrapper sp-brandname__left\"><a class=\"sp-link \" target=\"_blank\" href=\"https:\/\/sendpulse.com\/forms-powered-by-sendpulse?sn=RG9jdG9yIE1rdCBMdGRh&amp;from=8183578\"><span class=\"sp-link-img\">&nbsp;<\/span><span translate=\"FORM.PROVIDED_BY\">Desenvolvido por SendPulse<\/span><\/a><\/div><\/div><\/div><\/div><script type=\"text\/javascript\" async=\"async\" src=\"\/\/web.webformscr.com\/apps\/fc3\/build\/default-handler.js?1689226962100\"><\/script> \r\n<!-- \/Subscription Form -->\n\n\n\n<div class=\"wp-block-buttons is-horizontal is-content-justification-center is-layout-flex wp-container-core-buttons-is-layout-769315fb wp-block-buttons-is-layout-flex\">\n<div class=\"wp-block-button is-style-fill\"><a class=\"wp-block-button__link has-accent-background-color has-background wp-element-button\" href=\"https:\/\/doctormkt.com.br\" style=\"border-radius:8px\" target=\"_blank\" rel=\"noreferrer noopener\">Conhe\u00e7a a Doctor Mkt<\/a><\/div>\n\n\n\n<div class=\"wp-block-button is-style-fill\"><a class=\"wp-block-button__link has-background wp-element-button\" href=\"https:\/\/wa.me\/5541991217947\" style=\"border-radius:8px;background-color:#006d56\" target=\"_blank\" rel=\"noreferrer noopener\">Fale com um analista<\/a><\/div>\n<\/div>\n\n\n\n<div style=\"height:100px\" aria-hidden=\"true\" class=\"wp-block-spacer\"><\/div>\n\n\n\n<hr class=\"wp-block-separator has-text-color has-alpha-channel-opacity has-background\" style=\"background-color:#006d56;color:#006d56\"\/>\n\n\n\n<div style=\"height:100px\" aria-hidden=\"true\" class=\"wp-block-spacer\"><\/div>\n\n\n\n<h2 class=\"wp-block-heading has-accent-color has-text-color has-large-font-size\" id=\"datas-de-julho\">Agenda da Sa\u00fade em Julho<\/h2>\n\n\n\n<div style=\"height:50px\" aria-hidden=\"true\" class=\"wp-block-spacer\"><\/div>\n\n\n\n<h3 class=\"wp-block-heading has-accent-color has-text-color\">Eventos e Datas M\u00f3veis de Julho<\/h3>\n\n\n\n<div style=\"height:25px\" aria-hidden=\"true\" class=\"wp-block-spacer\"><\/div>\n\n\n\n<ul style=\"font-size:18px\" class=\"has-white-color has-accent-background-color has-text-color has-background wp-block-list\">\n<li>Primeira semana de Julho &#8211; <strong>Semana Nacional da Educa\u00e7\u00e3o<\/strong><br><br><\/li>\n\n\n\n<li>Julho Amarelo &#8211; <strong>Luta Contra as Hepatites Virais e C\u00e2ncer \u00d3sseo<\/strong><br><br><\/li>\n\n\n\n<li>Julho Amarelo &#8211; <strong>Conscientiza\u00e7\u00e3o sobre Sarcoma<\/strong><br><br><\/li>\n\n\n\n<li>Julho Branco &#8211; <strong>Com Consci\u00eancia, Sem Drogas<\/strong><br><br><\/li>\n\n\n\n<li>Julho Laranja &#8211; <strong>Conscientiza\u00e7\u00e3o sobre Sa\u00fade Bucal Infantil<\/strong><br><br><\/li>\n\n\n\n<li>Julho Turquesa &#8211; <strong>Conscientiza\u00e7\u00e3o sobre o Olho Seco<\/strong><br><br><\/li>\n\n\n\n<li>Julho Rosa, Verde e Roxo &#8211; <strong>Conscientiza\u00e7\u00e3o sobre C\u00e2ncer de Bexiga<\/strong><br><br><\/li>\n\n\n\n<li>Julho Verde Escuro &#8211; <strong>Conscientiza\u00e7\u00e3o sobre C\u00e2ncer Ginecol\u00f3gico e do Colo do \u00datero<\/strong><br><br><\/li>\n\n\n\n<li>Julho Verde &#8211;&nbsp;<strong>Conscientiza\u00e7\u00e3o sobre C\u00e2ncer de Cabe\u00e7a e Pesco\u00e7o<\/strong> (cor pol\u00eamica, mas mais adotada do que o Abril Vermelho e Branco, j\u00e1 que em julho tamb\u00e9m se comemora o Dia Mundial da Preven\u00e7\u00e3o e Combate ao C\u00e2ncer de Cabe\u00e7a e Pesco\u00e7o em 27\/07)<\/li>\n<\/ul>\n\n\n\n<div style=\"height:50px\" aria-hidden=\"true\" class=\"wp-block-spacer\"><\/div>\n\n\n\n<h3 class=\"wp-block-heading has-accent-color has-text-color\">Datas Fixas da Primeira Quinzena de Julho<\/h3>\n\n\n\n<div style=\"height:25px\" aria-hidden=\"true\" class=\"wp-block-spacer\"><\/div>\n\n\n\n<p class=\"has-accent-color has-text-color\">01\/07 &#8211;&nbsp;<strong>Dia da Vacina BCG<\/strong><\/p>\n\n\n\n<p class=\"has-accent-color has-text-color\">01\/07 &#8211;&nbsp;<strong>Dia do Enfermeiro de Saneamento<\/strong><\/p>\n\n\n\n<p class=\"has-accent-color has-text-color\">02\/07 &#8211;<strong>&nbsp;Dia do Hospital<\/strong><\/p>\n\n\n\n<p class=\"has-accent-color has-text-color\">06\/07 &#8211; <strong>Dia Mundial das Zoonoses<\/strong><\/p>\n\n\n\n<p class=\"has-accent-color has-text-color\">06\/07 &#8211; <strong>Dia Internacional do Beijo<\/strong> (tamb\u00e9m \u00e9 comemorado em 13\/04)<\/p>\n\n\n\n<p class=\"has-accent-color has-text-color\">07\/07 &#8211; <strong>Dia Mundial do Chocolate<\/strong><\/p>\n\n\n\n<p class=\"has-accent-color has-text-color\">08\/07 &#8211;<strong>&nbsp;Dia Mundial da Alergia<\/strong><\/p>\n\n\n\n<p class=\"has-accent-color has-text-color\">08\/07 &#8211; <strong>Dia Nacional do Pesquisador e da Ci\u00eancia<\/strong><\/p>\n\n\n\n<p class=\"has-accent-color has-text-color\">09\/07 &#8211; <strong>Dia Nacional de Alerta \u00e0 Insufici\u00eancia Card\u00edaca<\/strong><\/p>\n\n\n\n<p class=\"has-accent-color has-text-color\">09\/07 &#8211; <strong>Dia do M\u00e9dico Oncologista<\/strong><\/p>\n\n\n\n<p class=\"has-accent-color has-text-color\">10\/07 &#8211;&nbsp;<strong>Dia da Sa\u00fade Ocular<\/strong><\/p>\n\n\n\n<p class=\"has-accent-color has-text-color\">11\/07 &#8211; <strong>Dia Mundial da Popula\u00e7\u00e3o<\/strong> (criado pela ONU)<\/p>\n\n\n\n<p class=\"has-accent-color has-text-color\">13\/07 &#8211;&nbsp;<strong>Dia do Estatuto da Crian\u00e7a e do Adolescente<\/strong><\/p>\n\n\n\n<p class=\"has-accent-color has-text-color\">13\/07 &#8211; <strong>Dia do Engenheiro de Saneamento<\/strong><\/p>\n\n\n\n<p class=\"has-accent-color has-text-color\">14\/07 &#8211; <strong>Dia do Gestor Hospitalar<\/strong><\/p>\n\n\n\n<div style=\"height:50px\" aria-hidden=\"true\" class=\"wp-block-spacer\"><\/div>\n\n\n\n<h3 class=\"wp-block-heading has-accent-color has-text-color\">Datas Fixas da Segunda Quinzena de Julho<\/h3>\n\n\n\n<div style=\"height:25px\" aria-hidden=\"true\" class=\"wp-block-spacer\"><\/div>\n\n\n\n<p class=\"has-accent-color has-text-color\">19\/07 &#8211;&nbsp;<strong>Dia Mundial do Terapeuta Ocupacional<\/strong><\/p>\n\n\n\n<p class=\"has-accent-color has-text-color\">15\/07 &#8211;<strong>&nbsp;Dia Nacional e Internacional do Homem<\/strong><\/p>\n\n\n\n<p class=\"has-accent-color has-text-color\">20\/07 &#8211;&nbsp;<strong>Dia Nacional do Amigo<\/strong> (mais difundido no Brasil, mas tamb\u00e9m \u00e9 comemorado o Dia Internacional da Amizade em 30\/07, criado pela ONU)<\/p>\n\n\n\n<p class=\"has-accent-color has-text-color\">22\/07 &#8211; <strong>Dia Mundial da Conscientiza\u00e7\u00e3o sobre a S\u00edndrome do X-Fr\u00e1gil<\/strong> (criado pela <a href=\"https:\/\/www.fraxa.org\/\" target=\"_blank\" rel=\"noreferrer noopener\">FRAXA Research Foundation<\/a>)<\/p>\n\n\n\n<p class=\"has-accent-color has-text-color\">22\/07 &#8211; <strong>Dia Mundial do C\u00e9rebro<\/strong> (criado pela <a href=\"https:\/\/wfneurology.org\/\" target=\"_blank\" rel=\"noreferrer noopener\">Federa\u00e7\u00e3o Mundial de Neurologia<\/a>)<\/p>\n\n\n\n<p class=\"has-accent-color has-text-color\">25\/07 &#8211;&nbsp;<strong>Dia Internacional da Mulher Negra Latino Americana e Caribenha<\/strong><\/p>\n\n\n\n<p class=\"has-accent-color has-text-color\">25\/07 &#8211;&nbsp;<strong>Anivers\u00e1rio de Cria\u00e7\u00e3o do Minist\u00e9rio da Sa\u00fade<\/strong><\/p>\n\n\n\n<p class=\"has-accent-color has-text-color\">25\/07 &#8211;&nbsp;<strong>Dia do Motorista<\/strong><\/p>\n\n\n\n<p class=\"has-accent-color has-text-color\">25\/07 &#8211; <strong>Dia da Endoscopia<\/strong><\/p>\n\n\n\n<p class=\"has-accent-color has-text-color\">25\/07 &#8211; <strong>Dia Mundial pela Preven\u00e7\u00e3o aos Afogamentos<\/strong> (criado pela ONU)<\/p>\n\n\n\n<p class=\"has-accent-color has-text-color\">25\/07 &#8211; <strong>Dia da Mulher Negra Latino-Americana e Caribenha<\/strong><\/p>\n\n\n\n<p class=\"has-accent-color has-text-color\">26\/07 &#8211;<strong>&nbsp;Dia dos Av\u00f3s<\/strong><\/p>\n\n\n\n<p class=\"has-accent-color has-text-color\">27\/07 &#8211;<strong>&nbsp;Dia Nacional da Preven\u00e7\u00e3o de Acidentes do Trabalho<\/strong><\/p>\n\n\n\n<p class=\"has-accent-color has-text-color\">27\/07 &#8211;<strong>&nbsp;Dia do M\u00e9dico Pediatra<\/strong><\/p>\n\n\n\n<p class=\"has-accent-color has-text-color\">27\/07 &#8211;<strong>&nbsp;Dia do Motociclista<\/strong><\/p>\n\n\n\n<p class=\"has-accent-color has-text-color\">27\/07 &#8211; <strong>Dia Mundial de Preven\u00e7\u00e3o do C\u00e2ncer de Cabe\u00e7a e Pesco\u00e7o<\/strong><\/p>\n\n\n\n<p class=\"has-accent-color has-text-color\">27\/07 &#8211; <strong>Dia do Adolescente<\/strong><\/p>\n\n\n\n<p class=\"has-accent-color has-text-color\">28\/07 &#8211;&nbsp;<strong>Dia Mundial de Luta Contra as Hepatites Virais<\/strong> (Criado pela OMS, endossado pela ONU)<\/p>\n\n\n\n<p class=\"has-accent-color has-text-color\">30\/07 &#8211; <strong>Dia Internacional da Amizade<\/strong> (Criado pela ONU, no Brasil tamb\u00e9m se comemora o Dia do Amigo em 20\/07)<\/p>\n\n\n\n<p class=\"has-accent-color has-text-color\">31\/07 &#8211; <strong>Dia do Orgasmo<\/strong><\/p>\n\n\n\n<div style=\"height:50px\" aria-hidden=\"true\" class=\"wp-block-spacer\"><\/div>\n\n\n\n<p class=\"has-text-color\" style=\"color:#23265e\">Precisa de ajuda para se comunicar com seu p\u00fablico nessas datas publicit\u00e1rias da sa\u00fade para o m\u00eas de julho? A <a href=\"https:\/\/doctormkt.com.br\" target=\"_blank\" rel=\"noreferrer noopener\">Doctor Mkt<\/a> \u00e9 refer\u00eancia na divulga\u00e7\u00e3o de m\u00e9dicos, cl\u00ednicas e hospitais. Conte conosco!<\/p>\n\n\n\n<div style=\"height:30px\" aria-hidden=\"true\" class=\"wp-block-spacer\"><\/div>\n\n\n<!-- Subscription Form -->\r\n <style >.sp-force-hide { display: none;}.sp-form[sp-id=\"225952\"] { display: block; background: #ffffff; padding: 10px; width: 800px; max-width: 100%; border-radius: 14px; font-family: Tahoma, Geneva, sans-serif; background-repeat: no-repeat; background-position: center; background-size: auto; border-width: 1px; border-color: #dddddd; border-style: solid;}.sp-form[sp-id=\"225952\"] input[type=\"checkbox\"] { display: inline-block; opacity: 1; visibility: visible;}.sp-form[sp-id=\"225952\"] .sp-form-fields-wrapper { margin: 0 auto; width: 780px;}.sp-form[sp-id=\"225952\"] .sp-form-control { background: #ffffff; border-color: #cccccc; border-style: solid; border-width: 1px; font-size: 15px; padding-left: 8.75px; padding-right: 8.75px; border-radius: 4px; height: 35px; width: 100%;}.sp-form[sp-id=\"225952\"] .sp-field label { color: #444444; font-size: 13px; font-style: normal; font-weight: bold;}.sp-form[sp-id=\"225952\"] .sp-button-messengers { border-radius: 4px;}.sp-form[sp-id=\"225952\"] .sp-button { border-radius: 4px; background-color: #282a5e; color: #ffffff; width: auto; font-weight: 700; font-style: normal; font-family: Arial, sans-serif; box-shadow: none; background: linear-gradient(to top, #161733 , #3a3d89);}.sp-form[sp-id=\"225952\"] .sp-button-container { text-align: left;}<\/style><div class=\"sp-form-outer sp-force-hide\"><div id=\"sp-form-225952\" sp-id=\"225952\" sp-hash=\"545ca5e38d18168045ad18eb4223304a4562975556c6a2cc3cb94a8f768b25fc\" sp-lang=\"pt-br\" class=\"sp-form sp-form-regular sp-form-embed sp-form-horizontal\" sp-show-options=\"%7B%22satellite%22%3Afalse%2C%22maDomain%22%3A%22login.sendpulse.com%22%2C%22formsDomain%22%3A%22forms.sendpulse.com%22%2C%22condition%22%3A%22onEnter%22%2C%22scrollTo%22%3A25%2C%22delay%22%3A10%2C%22repeat%22%3A3%2C%22background%22%3A%22rgba(0%2C%200%2C%200%2C%200.5)%22%2C%22position%22%3A%22bottom-right%22%2C%22animation%22%3A%22%22%2C%22hideOnMobile%22%3Afalse%2C%22submitRedirectUrl%22%3A%22%22%2C%22urlFilter%22%3Afalse%2C%22urlFilterConditions%22%3A%5B%7B%22force%22%3A%22hide%22%2C%22clause%22%3A%22contains%22%2C%22token%22%3A%22%22%7D%5D%2C%22analytics%22%3A%7B%22ga%22%3A%7B%22eventLabel%22%3Anull%2C%22send%22%3Afalse%7D%2C%22ym%22%3A%7B%22counterId%22%3Anull%2C%22eventLabel%22%3Anull%2C%22targetId%22%3Anull%2C%22send%22%3Afalse%7D%7D%2C%22utmEnable%22%3Afalse%7D\"><div class=\"sp-form-fields-wrapper\"><div class=\"sp-message\"><div><\/div><\/div><form novalidate=\"\" class=\"sp-element-container \"><div class=\"sp-field sp-field-full-width\" sp-id=\"sp-e16efa15-12d9-41a0-8a18-84db7e1f3ef7\"><div style=\"font-family: inherit; line-height: 1.2;\"><p>Inscreva-se para receber nosso E-book exclusivo e ficar por dentro de todas as novidades do blog!<\/p><\/div><\/div><div class=\"sp-field \" sp-id=\"sp-f2322e13-62dc-488e-9029-3d9f099f6d8b\"><label class=\"sp-control-label\"><span >Nome<\/span><\/label><input type=\"text\" sp-type=\"input\" name=\"sform[Tm9tZQ==]\" class=\"sp-form-control \" placeholder=\"Seu nome\" sp-tips=\"%7B%7D\" autocomplete=\"on\"><\/div><div class=\"sp-field \" sp-id=\"sp-1787f7e3-97c2-4703-a852-4fc77285a91d\"><label class=\"sp-control-label\"><span >WhatsApp<\/span><\/label><input type=\"text\" sp-type=\"input\" name=\"sform[V2hhdHNhcHA=]\" class=\"sp-form-control \" placeholder=\"Seu telefone\" sp-tips=\"%7B%7D\" autocomplete=\"on\"><\/div><div class=\"sp-field \" sp-id=\"sp-7ffbb9ac-dfda-473e-8ce1-016f9330aeb8\"><label class=\"sp-control-label\"><span >E-mail<\/span><strong >*<\/strong><\/label><input type=\"email\" sp-type=\"email\" name=\"sform[email]\" class=\"sp-form-control \" placeholder=\"seunome@seuemail.com.br\" sp-tips=\"%7B%22required%22%3A%22Campo%20obrigat%C3%B3rio%22%2C%22wrong%22%3A%22E-mail%20errado%22%7D\" autocomplete=\"on\" required=\"required\"><\/div><div class=\"sp-field sp-button-container \" sp-id=\"sp-2bcfc5d0-1b1d-4fe4-b67d-ac6960892c70\"><button id=\"sp-2bcfc5d0-1b1d-4fe4-b67d-ac6960892c70\" class=\"sp-button\">Inscrever-se <\/button><\/div><\/form><div class=\"sp-link-wrapper sp-brandname__left\"><a class=\"sp-link \" target=\"_blank\" href=\"https:\/\/sendpulse.com\/forms-powered-by-sendpulse?sn=RG9jdG9yIE1rdCBMdGRh&amp;from=8183578\"><span class=\"sp-link-img\">&nbsp;<\/span><span translate=\"FORM.PROVIDED_BY\">Desenvolvido por SendPulse<\/span><\/a><\/div><\/div><\/div><\/div><script type=\"text\/javascript\" async=\"async\" src=\"\/\/web.webformscr.com\/apps\/fc3\/build\/default-handler.js?1689226962100\"><\/script> \r\n<!-- \/Subscription Form -->\n\n\n\n<div class=\"wp-block-buttons is-horizontal is-content-justification-center is-layout-flex wp-container-core-buttons-is-layout-769315fb wp-block-buttons-is-layout-flex\">\n<div class=\"wp-block-button is-style-fill\"><a class=\"wp-block-button__link has-accent-background-color has-background wp-element-button\" href=\"https:\/\/doctormkt.com.br\" style=\"border-radius:8px\" target=\"_blank\" rel=\"noreferrer noopener\">Conhe\u00e7a a Doctor Mkt<\/a><\/div>\n\n\n\n<div class=\"wp-block-button is-style-fill\"><a class=\"wp-block-button__link has-background wp-element-button\" href=\"https:\/\/wa.me\/5541991217947\" style=\"border-radius:8px;background-color:#006d56\" target=\"_blank\" rel=\"noreferrer noopener\">Fale com um analista<\/a><\/div>\n<\/div>\n\n\n\n<div style=\"height:100px\" aria-hidden=\"true\" class=\"wp-block-spacer\"><\/div>\n\n\n\n<hr class=\"wp-block-separator has-text-color has-alpha-channel-opacity has-background\" style=\"background-color:#006d56;color:#006d56\"\/>\n\n\n\n<div style=\"height:100px\" aria-hidden=\"true\" class=\"wp-block-spacer\"><\/div>\n\n\n\n<h2 class=\"wp-block-heading has-accent-color has-text-color has-large-font-size\" id=\"datas-de-agosto\">Datas da Sa\u00fade em Agosto<\/h2>\n\n\n\n<div style=\"height:50px\" aria-hidden=\"true\" class=\"wp-block-spacer\"><\/div>\n\n\n\n<h3 class=\"wp-block-heading has-accent-color has-text-color\">Eventos e Datas M\u00f3veis de Agosto<\/h3>\n\n\n\n<div style=\"height:25px\" aria-hidden=\"true\" class=\"wp-block-spacer\"><\/div>\n\n\n\n<ul style=\"font-size:18px\" class=\"has-white-color has-accent-background-color has-text-color has-background wp-block-list\">\n<li>01 a 31 de Agosto &#8211; <strong>M\u00eas d<strong>a Amamenta\u00e7\u00e3o<\/strong> no Brasil<\/strong><br><br><\/li>\n\n\n\n<li>01 a 07 de Agosto &#8211;&nbsp;<strong>Semana Mundial da Amamenta\u00e7\u00e3o<\/strong> (Criado pela ONU)<br><br><\/li>\n\n\n\n<li>Semana do dia 10 de Agosto &#8211;<strong> Semana Nacional de Controle e Combate \u00e0 Leishmaniose<\/strong><br><br><\/li>\n\n\n\n<li>Segundo domingo de Agosto&nbsp;&#8211; <strong>Dia dos Pais<\/strong><br><br><\/li>\n\n\n\n<li>21 a 27 de Agosto &#8211; <strong>Semana&nbsp;Nacional do&nbsp;Excepcional<\/strong><br><br><\/li>\n\n\n\n<li>Semana do dia 25 &#8211; <strong>Semana Nacional da Educa\u00e7\u00e3o Infantil<\/strong><br><br><\/li>\n\n\n\n<li>Agosto Dourado &#8211; <strong>Incentivo ao Aleitamento Materno<\/strong><br><br><\/li>\n\n\n\n<li>Agosto Branco &#8211; <strong>Conscientiza\u00e7\u00e3o sobre o C\u00e2ncer de Pulm\u00e3o<\/strong><br><br><\/li>\n\n\n\n<li>Agosto Verde Claro &#8211; <strong>Conscientiza\u00e7\u00e3o sobre o Linfoma<\/strong><br><br><\/li>\n\n\n\n<li>Agosto Laranja &#8211; <strong>Esclerose M\u00faltipla<\/strong><\/li>\n<\/ul>\n\n\n\n<div style=\"height:50px\" aria-hidden=\"true\" class=\"wp-block-spacer\"><\/div>\n\n\n\n<h3 class=\"wp-block-heading has-accent-color has-text-color\">Datas Fixas da Primeira Quinzena de Agosto<\/h3>\n\n\n\n<div style=\"height:25px\" aria-hidden=\"true\" class=\"wp-block-spacer\"><\/div>\n\n\n\n<p class=\"has-accent-color has-text-color\">01\/08 &#8211; <strong>Dia Mundial da Amamenta\u00e7\u00e3o<\/strong><\/p>\n\n\n\n<p class=\"has-accent-color has-text-color\">01\/08 &#8211; <strong>Dia Mundial da Internet<\/strong><\/p>\n\n\n\n<p class=\"has-accent-color has-text-color\">01\/08 &#8211; <strong>Dia Mundial da Conscientiza\u00e7\u00e3o sobre o C\u00e2ncer de Pulm\u00e3o<\/strong> (criado pelo <a href=\"https:\/\/www.firsnet.org\/\" target=\"_blank\" rel=\"noreferrer noopener\">FIRS<\/a>)<\/p>\n\n\n\n<p class=\"has-accent-color has-text-color\">01\/08 &#8211; <strong>Dia Nacional dos Portadores de Vitiligo<\/strong><\/p>\n\n\n\n<p class=\"has-accent-color has-text-color\">05\/08 &#8211;&nbsp;<strong>Dia Nacional da Sa\u00fade<\/strong><\/p>\n\n\n\n<p class=\"has-accent-color has-text-color\">05\/08 &#8211;&nbsp;<strong>Dia do Nascimento de Oswaldo Cruz<\/strong> (grande sanitarista brasileiro, atuou no combate a epidemias de febre amarela, peste bub\u00f4nica e var\u00edola)<\/p>\n\n\n\n<p class=\"has-accent-color has-text-color\">05\/08 &#8211; <strong>Dia do M\u00e9dico Patologista<\/strong><\/p>\n\n\n\n<p class=\"has-accent-color has-text-color\">05\/08 &#8211;&nbsp;<strong>Dia da Farm\u00e1cia<\/strong><\/p>\n\n\n\n<p class=\"has-accent-color has-text-color\">05\/08 &#8211; <strong>Dia Nacional da Vigil\u00e2ncia Sanit\u00e1ria<\/strong><\/p>\n\n\n\n<p class=\"has-accent-color has-text-color\">06\/08 &#8211; <strong>Dia do Ar<\/strong><\/p>\n\n\n\n<p class=\"has-accent-color has-text-color\">08\/08 &#8211;&nbsp;<strong>Dia Nacional de Combate ao Colesterol<\/strong><\/p>\n\n\n\n<p class=\"has-accent-color has-text-color\">08\/08 &#8211; <strong>Dia Internacional do Gato<\/strong> (criado pelo Fundo Internacional para o Bem-Estar Animal)<\/p>\n\n\n\n<p class=\"has-accent-color has-text-color\">08\/08 &#8211;&nbsp;<strong>Dia do Pedestre<\/strong><\/p>\n\n\n\n<p class=\"has-accent-color has-text-color\">09\/08 &#8211;<strong>&nbsp;Dia Internacional dos Povos Ind\u00edgenas<\/strong> (Criado pela ONU)<\/p>\n\n\n\n<p class=\"has-accent-color has-text-color\">09\/08 &#8211; <strong>Dia Nacional da Equoterapia<\/strong><\/p>\n\n\n\n<p class=\"has-accent-color has-text-color\">10\/08 &#8211;<strong>&nbsp;Dia da Enfermeira<\/strong><\/p>\n\n\n\n<p class=\"has-accent-color has-text-color\">11\/08 &#8211; <strong>Dia do Estudante<\/strong><\/p>\n\n\n\n<p class=\"has-accent-color has-text-color\">12\/08 &#8211; <strong>Dia Nacional e Internacional da Juventude<\/strong> (Criado pela ONU)<\/p>\n\n\n\n<p class=\"has-accent-color has-text-color\">12\/08 &#8211; <strong>Dia Nacional dos Direitos Humanos<\/strong><\/p>\n\n\n\n<p class=\"has-accent-color has-text-color\">13\/08 &#8211; <strong>Dia Internacional do Canhoto<\/strong><\/p>\n\n\n\n<p class=\"has-accent-color has-text-color\">13\/08 &#8211; <strong>Dia Mundial da Doa\u00e7\u00e3o de \u00d3rg\u00e3os<\/strong><\/p>\n\n\n\n<p class=\"has-accent-color has-text-color\">14\/08 &#8211;<strong>&nbsp;Dia do M\u00e9dico Cardiologista<\/strong><\/p>\n\n\n\n<p class=\"has-accent-color has-text-color\">14\/08 &#8211; <strong>Dia de Aten\u00e7\u00e3o \u00e0 Respira\u00e7\u00e3o Oral<\/strong><\/p>\n\n\n\n<div style=\"height:50px\" aria-hidden=\"true\" class=\"wp-block-spacer\"><\/div>\n\n\n\n<h3 class=\"wp-block-heading has-accent-color has-text-color\">Datas Fixas da Segunda Quinzena de Agosto<\/h3>\n\n\n\n<div style=\"height:25px\" aria-hidden=\"true\" class=\"wp-block-spacer\"><\/div>\n\n\n\n<p class=\"has-accent-color has-text-color\">15\/08 &#8211;<strong>&nbsp;Dia da Gestante<\/strong><\/p>\n\n\n\n<p class=\"has-accent-color has-text-color\">15\/08 &#8211; <strong>Dia do M\u00e9dico Cirurgi\u00e3o Vascular<\/strong><\/p>\n\n\n\n<p class=\"has-accent-color has-text-color\">15\/08 &#8211;<strong>&nbsp;Dia do Solteiro<\/strong><\/p>\n\n\n\n<p class=\"has-accent-color has-text-color\">21\/08 &#8211; <strong>Dia do M\u00e9dico Ultrassonografista<\/strong><\/p>\n\n\n\n<p class=\"has-accent-color has-text-color\">21\/08 &#8211; <strong>Dia Mundial do Cidad\u00e3o Idoso<\/strong> (comemorado apenas nos EUA, por l\u00e1 tamb\u00e9m \u00e9 conhecido como Dia Nacional do Idoso)<\/p>\n\n\n\n<p class=\"has-accent-color has-text-color\">22\/08 &#8211; <strong>Dia do Excepcional<\/strong><\/p>\n\n\n\n<p class=\"has-accent-color has-text-color\">24\/08 &#8211;&nbsp;<strong>Dia da Inf\u00e2ncia<\/strong><\/p>\n\n\n\n<p class=\"has-accent-color has-text-color\">25\/08 &#8211; <strong>Dia Nacional da Educa\u00e7\u00e3o Infantil<\/strong><\/p>\n\n\n\n<p class=\"has-accent-color has-text-color\">26\/08 &#8211; <strong>Dia Internacional da Igualdade da Mulher<\/strong><\/p>\n\n\n\n<p class=\"has-accent-color has-text-color\">26\/08 &#8211; <strong>Nascimento de Albert Sabin<\/strong> (cientista polon\u00eas que desenvolveu a vacina contra a poliomielite, tamb\u00e9m conhecida como paralisia infantil)<\/p>\n\n\n\n<p class=\"has-accent-color has-text-color\">26\/08 &#8211; <strong>Dia Internacional do Cachorro<\/strong><\/p>\n\n\n\n<p class=\"has-accent-color has-text-color\">27\/08 &#8211;&nbsp;<strong>Dia do Psic\u00f3logo<\/strong><\/p>\n\n\n\n<p class=\"has-accent-color has-text-color\">27\/08 &#8211; <strong>Dia da Limpeza Urbana<\/strong><\/p>\n\n\n\n<p class=\"has-accent-color has-text-color\">28\/08 &#8211;&nbsp;<strong>Dia Nacional de Combate e Preven\u00e7\u00e3o ao Escalpelamento<\/strong><\/p>\n\n\n\n<p class=\"has-accent-color has-text-color\">29\/08 &#8211;&nbsp;<strong>Dia Nacional de Combate ao Fumo<\/strong><\/p>\n\n\n\n<p class=\"has-accent-color has-text-color\">30\/08 &#8211;&nbsp;<strong>Dia Nacional de Conscientiza\u00e7\u00e3o sobre a Esclerose M\u00faltipla<\/strong><\/p>\n\n\n\n<p class=\"has-accent-color has-text-color\">31\/08 &#8211;&nbsp;<strong>Dia do Nutricionista<\/strong><\/p>\n\n\n\n<p class=\"has-accent-color has-text-color\">31\/08 &#8211; <strong>Dia Internacional da Conscientiza\u00e7\u00e3o sobre Overdose<\/strong> (criado pelo <a href=\"https:\/\/www.salvationarmy.org.au\/\" target=\"_blank\" rel=\"noreferrer noopener\">The Salvation Army<\/a>)<\/p>\n\n\n\n<p class=\"has-accent-color has-text-color\">31\/08 &#8211; <strong>Dia do Blogueiro<\/strong> (influenciador)<\/p>\n\n\n\n<div style=\"height:50px\" aria-hidden=\"true\" class=\"wp-block-spacer\"><\/div>\n\n\n\n<p class=\"has-text-color\" style=\"color:#23265e\">Precisa de ajuda para se comunicar com seu p\u00fablico nessas datas publicit\u00e1rias da sa\u00fade para o m\u00eas de agosto? A <a href=\"https:\/\/doctormkt.com.br\" target=\"_blank\" rel=\"noreferrer noopener\">Doctor Mkt<\/a> \u00e9 refer\u00eancia na divulga\u00e7\u00e3o de m\u00e9dicos, cl\u00ednicas e hospitais. Conte conosco!<\/p>\n\n\n\n<div style=\"height:30px\" aria-hidden=\"true\" class=\"wp-block-spacer\"><\/div>\n\n\n\n<div class=\"wp-block-buttons is-horizontal is-content-justification-center is-layout-flex wp-container-core-buttons-is-layout-769315fb wp-block-buttons-is-layout-flex\">\n<div class=\"wp-block-button is-style-fill\"><a class=\"wp-block-button__link has-accent-background-color has-background wp-element-button\" href=\"https:\/\/doctormkt.com.br\" style=\"border-radius:8px\" target=\"_blank\" rel=\"noreferrer noopener\">Conhe\u00e7a a Doctor Mkt<\/a><\/div>\n\n\n\n<div class=\"wp-block-button is-style-fill\"><a class=\"wp-block-button__link has-background wp-element-button\" href=\"https:\/\/wa.me\/5541991217947\" style=\"border-radius:8px;background-color:#006d56\" target=\"_blank\" rel=\"noreferrer noopener\">Fale com um analista<\/a><\/div>\n<\/div>\n\n\n\n<div style=\"height:100px\" aria-hidden=\"true\" class=\"wp-block-spacer\"><\/div>\n\n\n\n<hr class=\"wp-block-separator has-text-color has-alpha-channel-opacity has-background\" style=\"background-color:#006d56;color:#006d56\"\/>\n\n\n\n<div style=\"height:100px\" aria-hidden=\"true\" class=\"wp-block-spacer\"><\/div>\n\n\n\n<h2 class=\"wp-block-heading has-accent-color has-text-color has-large-font-size\" id=\"datas-de-setembro\">Datas Importantes para a Sa\u00fade em Setembro<\/h2>\n\n\n\n<div style=\"height:50px\" aria-hidden=\"true\" class=\"wp-block-spacer\"><\/div>\n\n\n\n<h3 class=\"wp-block-heading has-accent-color has-text-color\">Eventos e Datas M\u00f3veis de Setembro<\/h3>\n\n\n\n<div style=\"height:25px\" aria-hidden=\"true\" class=\"wp-block-spacer\"><\/div>\n\n\n\n<ul style=\"font-size:18px\" class=\"has-white-color has-accent-background-color has-text-color has-background wp-block-list\">\n<li>M\u00eas de Setembro &#8211; <strong>M\u00eas Mundial do Alzheimer<\/strong><br><br><\/li>\n\n\n\n<li>Segundo s\u00e1bado de Setembro &#8211; <strong>Dia Mundial dos Primeiros Socorros<\/strong> (criado pela <a href=\"https:\/\/www.ifrc.org\/\" target=\"_blank\" rel=\"noreferrer noopener\">IFRC<\/a>)<br><br><\/li>\n\n\n\n<li>Terceiro s\u00e1bado de Setembro &#8211;<strong>&nbsp;Dia Mundial do Doador de Medula \u00d3ssea<\/strong><br><br><\/li>\n\n\n\n<li>\u00daltimo s\u00e1bado de Setembro &#8211; <strong>Dia Mundial da Retina<\/strong><br><br><\/li>\n\n\n\n<li>\u00daltima semana de Setembro &#8211; <strong>Semana Internacional dos Surdos<\/strong><br><br><\/li>\n\n\n\n<li>\u00daltima semana de Setembro &#8211; <strong>Semana Nacional do Jovem<\/strong><br><br><\/li>\n\n\n\n<li>Semana de 18 a 25 de Setembro &#8211; <strong>Semana Nacional de Tr\u00e2nsito<\/strong><br><br><\/li>\n\n\n\n<li>Setembro Amarelo &#8211;&nbsp;<strong>Preven\u00e7\u00e3o ao suic\u00eddio<\/strong><br><br><\/li>\n\n\n\n<li>Setembro Dourado &#8211;&nbsp;<strong>C\u00e2ncer infanto-juvenil<\/strong><br><br><\/li>\n\n\n\n<li>Setembro Laranja &#8211; <strong>Combate \u00e0 Obesidade Infantil<\/strong><br><br><\/li>\n\n\n\n<li>Setembro Verde &#8211;&nbsp;<strong>Doa\u00e7\u00e3o de \u00f3rg\u00e3os, inclus\u00e3o de Pessoas Com Defici\u00eancia e C\u00e2ncer de Intestino<\/strong><br><br><\/li>\n\n\n\n<li>Setembro Vermelho &#8211; <strong>Sa\u00fade do Cora\u00e7\u00e3o e Doen\u00e7as Cardiovasculares<\/strong><br><br><\/li>\n\n\n\n<li>Setembro Roxo &#8211; <strong>Conscientiza\u00e7\u00e3o sobre C\u00e2ncer do P\u00e2ncreas e Fibrose C\u00edstica<\/strong><br><br><\/li>\n\n\n\n<li>Setembro Verde Claro &#8211; <strong>Conscientiza\u00e7\u00e3o sobre C\u00e2ncer do Ov\u00e1rio<\/strong><br><br><\/li>\n\n\n\n<li>Setembro Rosa e Azul &#8211; <strong>Conscientiza\u00e7\u00e3o sobre C\u00e2ncer da Tireoide<\/strong><\/li>\n<\/ul>\n\n\n\n<div style=\"height:50px\" aria-hidden=\"true\" class=\"wp-block-spacer\"><\/div>\n\n\n\n<h3 class=\"wp-block-heading has-accent-color has-text-color\">Datas Fixas da Primeira Quinzena de Setembro<\/h3>\n\n\n\n<div style=\"height:25px\" aria-hidden=\"true\" class=\"wp-block-spacer\"><\/div>\n\n\n\n<p class=\"has-accent-color has-text-color\">01\/09 &#8211; <strong>Dia do Profissional de Educa\u00e7\u00e3o F\u00edsica<\/strong><\/p>\n\n\n\n<p class=\"has-accent-color has-text-color\">01\/09 &#8211; <strong>Dia do M\u00e9dico Endocrinologista<\/strong><\/p>\n\n\n\n<p class=\"has-accent-color has-text-color\">01\/09 &#8211; <strong>Dia da Atividade F\u00edsica<\/strong><\/p>\n\n\n\n<p class=\"has-accent-color has-text-color\">02\/09 &#8211; <strong>Dia Mundial do Coco<\/strong><\/p>\n\n\n\n<p class=\"has-accent-color has-text-color\">03\/09 &#8211; <strong>Dia do Bi\u00f3logo<\/strong><\/p>\n\n\n\n<p class=\"has-accent-color has-text-color\">03\/09 &#8211; <strong>Dia Mundial da Barba<\/strong><\/p>\n\n\n\n<p class=\"has-accent-color has-text-color\">04\/09 &#8211; <strong>Dia Mundial da Sa\u00fade Sexual<\/strong><\/p>\n\n\n\n<p class=\"has-accent-color has-text-color\">05\/09 &#8211;&nbsp;<strong>Dia Nacional de Conscientiza\u00e7\u00e3o e Divulga\u00e7\u00e3o da Fibrose C\u00edstica<\/strong><\/p>\n\n\n\n<p class=\"has-accent-color has-text-color\">05\/09 &#8211; <strong>Dia do Irm\u00e3o<\/strong><\/p>\n\n\n\n<p class=\"has-accent-color has-text-color\">05\/09 &#8211; <strong>Dia Internacional da Caridade<\/strong> (Criado pela ONU)<\/p>\n\n\n\n<p class=\"has-accent-color has-text-color\">05\/09 &#8211; <strong>Dia do Oficial de Farm\u00e1cia<\/strong> (dia em homenagem \u00e0 primeira conven\u00e7\u00e3o dos profissionais do setor, em 1953, por\u00e9m o Conselho Federal de Farm\u00e1cia adota, desde 2007, o dia 20\/01 como oficial)<\/p>\n\n\n\n<p class=\"has-accent-color has-text-color\">08\/09 &#8211;&nbsp;<strong>Dia Mundial da Fisioterapia<\/strong><\/p>\n\n\n\n<p class=\"has-accent-color has-text-color\">08\/09 &#8211;&nbsp;<strong>Dia Nacional de Luta por Medicamento<\/strong><\/p>\n\n\n\n<p class=\"has-accent-color has-text-color\">09\/09 &#8211; <strong>Dia do M\u00e9dico Veterin\u00e1rio<\/strong><\/p>\n\n\n\n<p class=\"has-accent-color has-text-color\">09\/09 &#8211; <strong>Dia Mundial de Preven\u00e7\u00e3o da S\u00edndrome Alco\u00f3lica Fetal<\/strong><\/p>\n\n\n\n<p class=\"has-accent-color has-text-color\">10\/09 &#8211;&nbsp;<strong>Dia Mundial de Preven\u00e7\u00e3o ao Suic\u00eddio<\/strong> (Criado pela OMS)<\/p>\n\n\n\n<p class=\"has-accent-color has-text-color\">10\/09 &#8211; <strong>Dia do Gordo<\/strong> (luta contra a gordofobia e&nbsp;import\u00e2ncia de se manter o respeito por aqueles que est\u00e3o acima do peso)<\/p>\n\n\n\n<p class=\"has-accent-color has-text-color\">12\/09 &#8211; <strong>Dia do M\u00e9dico Urologista<\/strong><\/p>\n\n\n\n<p class=\"has-accent-color has-text-color\">13\/09 &#8211; <strong>Dia Mundial de Preven\u00e7\u00e3o da Sepse<\/strong><\/p>\n\n\n\n<p class=\"has-accent-color has-text-color\">13\/09 &#8211; <strong>Dia Nacional de Luta dos Acidentados por Fontes Radioativas<\/strong><\/p>\n\n\n\n<p class=\"has-accent-color has-text-color\">14\/09 &#8211; <strong>Dia do M\u00e9dico Nuclear<\/strong><\/p>\n\n\n\n<div style=\"height:50px\" aria-hidden=\"true\" class=\"wp-block-spacer\"><\/div>\n\n\n\n<h3 class=\"wp-block-heading has-accent-color has-text-color\">Datas Fixas da Segunda Quinzena de Setembro<\/h3>\n\n\n\n<div style=\"height:25px\" aria-hidden=\"true\" class=\"wp-block-spacer\"><\/div>\n\n\n\n<p class=\"has-accent-color has-text-color\">15\/09 &#8211;<strong>&nbsp;Dia Mundial de Conscientiza\u00e7\u00e3o sobre Linfomas<\/strong><\/p>\n\n\n\n<p class=\"has-accent-color has-text-color\">15\/09 &#8211; <strong>Dia do M\u00e9dico Nutr\u00f3logo<\/strong><\/p>\n\n\n\n<p class=\"has-accent-color has-text-color\">15\/09 &#8211; <strong>Dia do Cliente<\/strong> (mais forte no Brasil, sendo que nos EUA e Europa costuma-se comemorar em 19\/03)<\/p>\n\n\n\n<p class=\"has-accent-color has-text-color\">15\/09 &#8211; <strong>Dia do Musicoterapeuta<\/strong><\/p>\n\n\n\n<p class=\"has-accent-color has-text-color\">16\/09 &#8211; <strong>Dia Nacional de Combate e Preven\u00e7\u00e3o \u00e0 Trombose<\/strong><\/p>\n\n\n\n<p class=\"has-accent-color has-text-color\">17\/09 &#8211; <strong>Dia Mundial pela Seguran\u00e7a do Paciente<\/strong> (Criado pela OMS, endossado pela ONU)<\/p>\n\n\n\n<p class=\"has-accent-color has-text-color\">18\/09 &#8211; <strong>Dia do Quiropraxista<\/strong><\/p>\n\n\n\n<p class=\"has-accent-color has-text-color\">18\/09 &#8211; <strong>Dia Internacional do Pagamento Igual<\/strong> (para trabalhos de igual valor, incentivo \u00e0 remunerar homens e mulheres sem diferencia\u00e7\u00e3o, criado pela ONU)<\/p>\n\n\n\n<p class=\"has-accent-color has-text-color\">18\/09 &#8211; <strong>Dia Nacional de Conscientiza\u00e7\u00e3o e Incentivo ao Diagn\u00f3stico Precoce do Retinoblastoma<\/strong><\/p>\n\n\n\n<p class=\"has-accent-color has-text-color\">19\/09 &#8211;&nbsp;<strong>Dia do M\u00e9dico Ortopedista<\/strong><\/p>\n\n\n\n<p class=\"has-accent-color has-text-color\">19\/09 &#8211;&nbsp;<strong>Anivers\u00e1rio do SUS (lei 8080)<\/strong><\/p>\n\n\n\n<p class=\"has-accent-color has-text-color\">19\/09 &#8211; <strong>Dia Internacional de Aten\u00e7\u00e3o aos Acidentes Of\u00eddicos<\/strong><\/p>\n\n\n\n<p class=\"has-accent-color has-text-color\">20\/09 &#8211; <strong>Dia do Ortodontista<\/strong><\/p>\n\n\n\n<p class=\"has-accent-color has-text-color\">21\/09 &#8211;&nbsp;<strong>Dia Nacional de Luta da Pessoa Portadora de Defici\u00eancia<\/strong><\/p>\n\n\n\n<p class=\"has-accent-color has-text-color\">21\/09 &#8211;&nbsp;<strong>Dia Nacional e Mundial de Conscientiza\u00e7\u00e3o da Pessoa com Alzheimer<\/strong><\/p>\n\n\n\n<p class=\"has-accent-color has-text-color\">21\/09 &#8211; <strong>Dia Internacional da Paz<\/strong> (Criado pela ONU)<\/p>\n\n\n\n<p class=\"has-accent-color has-text-color\">22\/09 &#8211; <strong>Dia Mundial de Combate ao Mau H\u00e1lito<\/strong><\/p>\n\n\n\n<p class=\"has-accent-color has-text-color\">22\/09 &#8211;<strong>&nbsp;Dia Mundial Sem Carro<\/strong><\/p>\n\n\n\n<p class=\"has-accent-color has-text-color\">22\/09 &#8211; <strong>Dia Nacional da Juventude<\/strong><\/p>\n\n\n\n<p class=\"has-accent-color has-text-color\">22\/09 &#8211; <strong>Dia Nacional da Sa\u00fade de Adolescentes e Jovens<\/strong><\/p>\n\n\n\n<p class=\"has-accent-color has-text-color\">22\/09 &#8211; <strong>Dia Mundial da Leucemia Mieloide Cr\u00f4nica<\/strong><\/p>\n\n\n\n<p class=\"has-accent-color has-text-color\">23\/09 &#8211;<strong>&nbsp;Dia de Combate ao Estresse<\/strong><\/p>\n\n\n\n<p class=\"has-accent-color has-text-color\">23\/09 &#8211; <strong>Dia Internacional da Linguagem de Sinais<\/strong> (Criado pela ONU)<\/p>\n\n\n\n<p class=\"has-accent-color has-text-color\">22\/09 &#8211; <strong>In\u00edcio da Primavera<\/strong><\/p>\n\n\n\n<p class=\"has-accent-color has-text-color\">25\/09 &#8211;<strong>&nbsp;Dia Mundial do Farmac\u00eautico<\/strong><\/p>\n\n\n\n<p class=\"has-accent-color has-text-color\">25\/09 &#8211; <strong>Dia Mundial do Pulm\u00e3o<\/strong><\/p>\n\n\n\n<p class=\"has-accent-color has-text-color\">26\/09 &#8211; <strong>Dia das Organiza\u00e7\u00f5es N\u00e3o Governamentais (ONGs)<\/strong><\/p>\n\n\n\n<p class=\"has-accent-color has-text-color\">26\/09 &#8211;<strong>&nbsp;Dia Nacional do Surdo<\/strong><\/p>\n\n\n\n<p class=\"has-accent-color has-text-color\">26\/09 &#8211; <strong>Dia Mundial da Contracep\u00e7\u00e3o<\/strong><\/p>\n\n\n\n<p class=\"has-accent-color has-text-color\">26\/09 &#8211; <strong>Dia Mundial pela Sa\u00fade Ambiental<\/strong> (criado pelo <a href=\"https:\/\/www.ifeh.org\/\" target=\"_blank\" rel=\"noreferrer noopener\">IFEH<\/a>)<\/p>\n\n\n\n<p class=\"has-accent-color has-text-color\">27\/09 &#8211;<strong>&nbsp;Dia Nacional de Doa\u00e7\u00e3o de \u00d3rg\u00e3os<\/strong><\/p>\n\n\n\n<p class=\"has-accent-color has-text-color\">27\/09 &#8211;<strong>&nbsp;Dia Nacional do Idoso<\/strong> (criado em 1999 pela Comiss\u00e3o de Educa\u00e7\u00e3o do Senado Federal)<\/p>\n\n\n\n<p class=\"has-accent-color has-text-color\">28\/09 &#8211; <strong>Dia Mundial da Luta Contra Raiva<\/strong> (Criado pela OMS)<\/p>\n\n\n\n<p class=\"has-accent-color has-text-color\">28\/09 &#8211; <strong>Dia da Lei do Sexagen\u00e1rio e do Ventre Livre<\/strong> (em 1871, determinou-se pessoas com mais de 60 anos seriam livres, e que as mulheres escravizadas dariam \u00e0 luz apenas beb\u00eas livres)<\/p>\n\n\n\n<p class=\"has-accent-color has-text-color\">29\/09 &#8211;&nbsp;<strong>Dia Mundial do Cora\u00e7\u00e3o<\/strong><\/p>\n\n\n\n<p class=\"has-accent-color has-text-color\">29\/09 &#8211; <strong>Dia Internacional da Conscientiza\u00e7\u00e3o sobre Perdas e Desperd\u00edcios de Alimentos<\/strong> (Criado pela ONU)<\/p>\n\n\n\n<p class=\"has-accent-color has-text-color\">30\/09 &#8211;&nbsp;<strong>Dia Internacional do Surdo<\/strong><\/p>\n\n\n\n<p class=\"has-accent-color has-text-color\">30\/09 &#8211; <strong>Dia da Secret\u00e1ria<\/strong><\/p>\n\n\n\n<div style=\"height:50px\" aria-hidden=\"true\" class=\"wp-block-spacer\"><\/div>\n\n\n\n<p class=\"has-text-color\" style=\"color:#23265e\">Precisa de ajuda para se comunicar com seu p\u00fablico nessas datas publicit\u00e1rias da sa\u00fade para o m\u00eas de setembro? A <a href=\"https:\/\/doctormkt.com.br\" target=\"_blank\" rel=\"noreferrer noopener\">Doctor Mkt<\/a> \u00e9 refer\u00eancia na divulga\u00e7\u00e3o de m\u00e9dicos, cl\u00ednicas e hospitais. Conte conosco!<\/p>\n\n\n\n<div style=\"height:30px\" aria-hidden=\"true\" class=\"wp-block-spacer\"><\/div>\n\n\n\n<div class=\"wp-block-buttons is-horizontal is-content-justification-center is-layout-flex wp-container-core-buttons-is-layout-769315fb wp-block-buttons-is-layout-flex\">\n<div class=\"wp-block-button is-style-fill\"><a class=\"wp-block-button__link has-accent-background-color has-background wp-element-button\" href=\"https:\/\/doctormkt.com.br\" style=\"border-radius:8px\" target=\"_blank\" rel=\"noreferrer noopener\">Conhe\u00e7a a Doctor Mkt<\/a><\/div>\n\n\n\n<div class=\"wp-block-button is-style-fill\"><a class=\"wp-block-button__link has-background wp-element-button\" href=\"https:\/\/wa.me\/5541991217947\" style=\"border-radius:8px;background-color:#006d56\" target=\"_blank\" rel=\"noreferrer noopener\">Fale com um analista<\/a><\/div>\n<\/div>\n\n\n\n<div style=\"height:100px\" aria-hidden=\"true\" class=\"wp-block-spacer\"><\/div>\n\n\n\n<hr class=\"wp-block-separator has-text-color has-alpha-channel-opacity has-background\" style=\"background-color:#006d56;color:#006d56\"\/>\n\n\n\n<div style=\"height:100px\" aria-hidden=\"true\" class=\"wp-block-spacer\"><\/div>\n\n\n\n<h2 class=\"wp-block-heading has-accent-color has-text-color has-large-font-size\" id=\"datas-de-outubro\">Dias Importantes de Outubro<\/h2>\n\n\n\n<div style=\"height:50px\" aria-hidden=\"true\" class=\"wp-block-spacer\"><\/div>\n\n\n\n<h3 class=\"wp-block-heading has-accent-color has-text-color\">Eventos e Datas M\u00f3veis de Outubro<\/h3>\n\n\n\n<div style=\"height:25px\" aria-hidden=\"true\" class=\"wp-block-spacer\"><\/div>\n\n\n\n<ul style=\"font-size:18px\" class=\"has-white-color has-accent-background-color has-text-color has-background wp-block-list\">\n<li>M\u00eas de Outubro &#8211; <strong>M\u00eas de Conscientiza\u00e7\u00e3o sobre a Dislexia<\/strong><br><br><\/li>\n\n\n\n<li>Semana de Outubro &#8211; <strong>Semana Nacional da Ci\u00eancia e Tecnologia<\/strong> (sem data definida oficialmente no Decreto 9 de junho de 2004)<br><br><\/li>\n\n\n\n<li>Semana de Outubro &#8211; <strong>Semana Internacional da Preven\u00e7\u00e3o ao Envenenamento por Chumbo<\/strong> (sem data definida, Criado pela OMS)<br><br><\/li>\n\n\n\n<li>Primeira sexta-feira de Outubro &#8211; <strong>Dia do Sorriso<\/strong><br><br><\/li>\n\n\n\n<li>Segunda quinta-feira de Outubro &#8211; <strong>Dia Mundial da Vis\u00e3o<\/strong><br><br><\/li>\n\n\n\n<li>Segunda sexta-feira de Outubro &#8211; <strong>Dia Mundial do Ovo<\/strong><br><br><\/li>\n\n\n\n<li>Segundo s\u00e1bado de Outubro &#8211; <strong>Dia Mundial do Hosp\u00edcio e dos Cuidados Paliativos<\/strong><br><br><\/li>\n\n\n\n<li>Terceira s\u00e1bado de Outubro &#8211;&nbsp;<strong>Dia Nacional de Combate \u00e0 S\u00edfilis e \u00e0 S\u00edfilis Cong\u00eanita<\/strong><br><br><\/li>\n\n\n\n<li>Semana de 12 a 18 de Outubro<strong>&nbsp;&#8211;&nbsp;Semana Nacional de Preven\u00e7\u00e3o da Viol\u00eancia na Primeira Inf\u00e2ncia<\/strong><br><br><\/li>\n\n\n\n<li>Outubro Rosa &#8211;&nbsp;<strong><strong>Conscientiza\u00e7\u00e3o sobre C\u00e2ncer de Mama<\/strong><\/strong> (criado pela ONG Funda\u00e7\u00e3o Susan G. Komen For the Cure, dando in\u00edcio ao uso de fitas coloridas para chamar aten\u00e7\u00e3o e conscientizar sobre doen\u00e7as) <br><br><\/li>\n\n\n\n<li>Outubro Verde &#8211; <strong>Combate \u00e0 S\u00edfilis Cong\u00eanita<\/strong><br><br><\/li>\n\n\n\n<li>Outubro Verde Musco &#8211; <strong>Conscientiza\u00e7\u00e3o sobre C\u00e2ncer de F\u00edgado<\/strong><\/li>\n<\/ul>\n\n\n\n<div style=\"height:50px\" aria-hidden=\"true\" class=\"wp-block-spacer\"><\/div>\n\n\n\n<h3 class=\"wp-block-heading has-accent-color has-text-color\">Datas Fixas da Primeira Quinzena de Outubro<\/h3>\n\n\n\n<div style=\"height:25px\" aria-hidden=\"true\" class=\"wp-block-spacer\"><\/div>\n\n\n\n<p class=\"has-accent-color has-text-color\">01\/10 &#8211;&nbsp;<strong>Dia Nacional de Doa\u00e7\u00e3o do Leite Humano<\/strong><\/p>\n\n\n\n<p class=\"has-accent-color has-text-color\">01\/10 &#8211; <strong>Dia Mundial da Urtic\u00e1ria<\/strong><\/p>\n\n\n\n<p class=\"has-accent-color has-text-color\">01\/10 &#8211;&nbsp;<strong>Dia Internacional do Idoso<\/strong> (criada e oficializada pela ONU)<\/p>\n\n\n\n<p class=\"has-accent-color has-text-color\">01\/10 &#8211; <strong>Dia Internacional do Caf\u00e9<\/strong> (oficializado pela <a href=\"https:\/\/www.ico.org\/\" target=\"_blank\" rel=\"noreferrer noopener\">ICO<\/a> em 2005, j\u00e1 que era comemorado em 14\/04 no passado)<\/p>\n\n\n\n<p class=\"has-accent-color has-text-color\">01\/10 &#8211; <strong>Dia Mundial do Vegetariano<\/strong><\/p>\n\n\n\n<p class=\"has-accent-color has-text-color\">02\/10 &#8211;<strong>&nbsp;Dia Interamericano da \u00c1gua<\/strong><\/p>\n\n\n\n<p class=\"has-accent-color has-text-color\">02\/10 &#8211; <strong>Dia Internacional pela N\u00e3o Viol\u00eancia<\/strong> (criado pela ONU)<\/p>\n\n\n\n<p class=\"has-accent-color has-text-color\">02\/10 &#8211; <strong>Dia Nacional do Pacifismo Ativo e pelo Desarmamento<\/strong><\/p>\n\n\n\n<p class=\"has-accent-color has-text-color\">03\/10 &#8211;&nbsp;<strong>Dia Mundial do Dentista<\/strong><\/p>\n\n\n\n<p class=\"has-accent-color has-text-color\">04\/10 &#8211;&nbsp;<strong>Dia Nacional do Agente de Sa\u00fade e de Combate \u00e0 Endemias &#8211; ACS E ACE<\/strong><\/p>\n\n\n\n<p class=\"has-accent-color has-text-color\">04\/10 &#8211;&nbsp;<strong>Dia da Medicina do Trabalho e do M\u00e9dico do Trabalho<\/strong><\/p>\n\n\n\n<p class=\"has-accent-color has-text-color\">05\/10 &#8211; <strong>Dia Mundial do Professor<\/strong> (criado pela ONU)<\/p>\n\n\n\n<p class=\"has-accent-color has-text-color\">06\/10 &#8211; <strong>Dia Mundial da Paralisia Cerebral<\/strong><\/p>\n\n\n\n<p class=\"has-accent-color has-text-color\">08\/10 &#8211; <strong>Dia Nacional de Doa\u00e7\u00e3o de Cord\u00e3o Umbilical<\/strong><\/p>\n\n\n\n<p class=\"has-accent-color has-text-color\">10\/10 &#8211;&nbsp;<strong>Dia Mundial da Sa\u00fade Mental<\/strong> (Criado pela OMS e endossado pela ONU)<\/p>\n\n\n\n<p class=\"has-accent-color has-text-color\">10\/10 &#8211; <strong>Dia Nacional de Seguran\u00e7a e de Sa\u00fade nas Escolas<\/strong><\/p>\n\n\n\n<p class=\"has-accent-color has-text-color\">10\/10 &#8211;<strong>&nbsp;Dia Nacional de Luta contra a Viol\u00eancia \u00e0 Mulher<\/strong><\/p>\n\n\n\n<p class=\"has-accent-color has-text-color\">11\/10 &#8211;&nbsp;<strong>Dia Nacional de Combate \u00e0 Obesidade<\/strong> (O dia Mundial de Combate \u00e0 Obesidade tamb\u00e9m era comemorado nesta data, por\u00e9m foi alterado, desde 2020, pela Federa\u00e7\u00e3o Internacional da Obesidade, para o dia 04\/03)<\/p>\n\n\n\n<p class=\"has-accent-color has-text-color\">11\/10 &#8211;&nbsp;<strong>Dia da Pessoa com Defici\u00eancia F\u00edsica<\/strong><\/p>\n\n\n\n<p class=\"has-accent-color has-text-color\">11\/10 &#8211; <strong>Dia Internacional da Filha Menina<\/strong> (criado pela ONU)<\/p>\n\n\n\n<p class=\"has-accent-color has-text-color\">12\/10 &#8211;&nbsp;<strong>Dia da Festa da Crian\u00e7a<\/strong> (temos ainda o Dia da Crian\u00e7a, em 25\/03, e tamb\u00e9m o Dia Universal da Crian\u00e7a, em 20\/11, criado pela ONU em 1959)<\/p>\n\n\n\n<p class=\"has-accent-color has-text-color\">12\/10 &#8211;&nbsp;<strong>Dia da Cirurgia Infantil e do M\u00e9dico Cirurgi\u00e3o Pedi\u00e1trico<\/strong><\/p>\n\n\n\n<p class=\"has-accent-color has-text-color\">12\/10 &#8211; <strong>Dia Mundial da Artrite Reumatoide<\/strong><\/p>\n\n\n\n<p class=\"has-accent-color has-text-color\">13\/10 &#8211;&nbsp;<strong>Dia do Terapeuta Ocupacional e Fisioterapeuta<\/strong><\/p>\n\n\n\n<p class=\"has-accent-color has-text-color\">13\/10 &#8211; <strong>Dia Internacional para a Redu\u00e7\u00e3o do Risco de Desastres<\/strong> (criado pela ONU)<\/p>\n\n\n\n<p class=\"has-accent-color has-text-color\">13\/10 &#8211; <strong>Dia Mundial da Trombose<\/strong><\/p>\n\n\n\n<div style=\"height:50px\" aria-hidden=\"true\" class=\"wp-block-spacer\"><\/div>\n\n\n\n<h3 class=\"wp-block-heading has-accent-color has-text-color\">Datas Fixas da Segunda Quinzena de Outubro<\/h3>\n\n\n\n<div style=\"height:25px\" aria-hidden=\"true\" class=\"wp-block-spacer\"><\/div>\n\n\n\n<p class=\"has-accent-color has-text-color\">15\/10 &#8211;&nbsp;<strong>Dia Mundial de Lavar as M\u00e3os<\/strong><\/p>\n\n\n\n<p class=\"has-accent-color has-text-color\">15\/10 &#8211; <strong>Dia Internacional da Mulher Rural<\/strong> (criado pela ONU)<\/p>\n\n\n\n<p class=\"has-accent-color has-text-color\">15\/10 &#8211; <strong>Dia Nacional do Combate \u00e0 S\u00edfilis<\/strong><\/p>\n\n\n\n<p class=\"has-accent-color has-text-color\">16\/10 &#8211;&nbsp;<strong>Dia Mundial da Alimenta\u00e7\u00e3o<\/strong> (criado pela ONU)<\/p>\n\n\n\n<p class=\"has-accent-color has-text-color\">16\/10 &#8211; <strong>Dia Mundial da Anestesia<\/strong> (criado pela <a href=\"https:\/\/wfsahq.org\/\" target=\"_blank\" rel=\"noreferrer noopener\">WFSA<\/a>)<\/p>\n\n\n\n<p class=\"has-accent-color has-text-color\">16\/10 &#8211;&nbsp;<strong>Dia do M\u00e9dico Anestesista<\/strong><\/p>\n\n\n\n<p class=\"has-accent-color has-text-color\">16\/10 &#8211; <strong>Dia Mundial da Coluna Vertebral<\/strong><\/p>\n\n\n\n<p class=\"has-accent-color has-text-color\">17\/10 &#8211;&nbsp;<strong>Dia Nacional da Vacina\u00e7\u00e3o<\/strong><\/p>\n\n\n\n<p class=\"has-accent-color has-text-color\">18\/10 &#8211;&nbsp;<strong>Dia do M\u00e9dico<\/strong><\/p>\n\n\n\n<p class=\"has-accent-color has-text-color\">19\/10 &#8211; <strong>Dia Internacional Contra o C\u00e2ncer de Mama<\/strong><\/p>\n\n\n\n<p class=\"has-accent-color has-text-color\">20\/10 &#8211;&nbsp;<strong>Dia Mundial e Nacional da Osteoporose<\/strong><\/p>\n\n\n\n<p class=\"has-accent-color has-text-color\">20\/10 &#8211; <strong>Dia Mundial da Estat\u00edstica<\/strong> (data correta criada pela ONU, apesar de, no pr\u00f3prio site da ONU, constar de forma errada no dia 02\/10)<\/p>\n\n\n\n<p class=\"has-accent-color has-text-color\">22\/10 &#8211; <strong>Dia Internacional de Conscientiza\u00e7\u00e3o sobre a Gagueira<\/strong> (criado pela <a href=\"https:\/\/www.theifa.org\/\" target=\"_blank\" rel=\"noreferrer noopener\">IFA<\/a>)<\/p>\n\n\n\n<p class=\"has-accent-color has-text-color\">24\/10 &#8211; <strong>Dia Mundial de Combate \u00e0 Poliomielite<\/strong><\/p>\n\n\n\n<p class=\"has-accent-color has-text-color\">24\/10 &#8211; <strong>Dia da ONU<\/strong> (criado pela ONU)<\/p>\n\n\n\n<p class=\"has-accent-color has-text-color\">25\/10 &#8211; <strong>Dia Nacional de Combate ao Preconceito Contra as Pessoas com Nanismo<\/strong><\/p>\n\n\n\n<p class=\"has-accent-color has-text-color\">25\/10 &#8211;&nbsp;<strong>Dia Nacional da Sa\u00fade Bucal<\/strong><\/p>\n\n\n\n<p class=\"has-accent-color has-text-color\">25\/10 &#8211;&nbsp;<strong>Dia Nacional do Dentista<\/strong><\/p>\n\n\n\n<p class=\"has-accent-color has-text-color\">26\/10 &#8211; <strong>Dia do Movimento Pestalozziano no Brasil<\/strong> (institui\u00e7\u00e3o que atua em defesa dos direitos da pessoa com defici\u00eancia)<\/p>\n\n\n\n<p class=\"has-accent-color has-text-color\">27\/10 &#8211;&nbsp;<strong>Dia Nacional de Mobiliza\u00e7\u00e3o Pr\u00f3 Sa\u00fade da Popula\u00e7\u00e3o Negra<\/strong><\/p>\n\n\n\n<p class=\"has-accent-color has-text-color\">27\/10 &#8211;&nbsp;<strong>Dia Nacional de Luta pelos Direitos das Pessoas com Doen\u00e7as Falciformes<\/strong>&nbsp;<\/p>\n\n\n\n<p class=\"has-accent-color has-text-color\">29\/10 &#8211;&nbsp;<strong>Dia Nacional e Mundial de Combate \u00e0 Psor\u00edase<\/strong><\/p>\n\n\n\n<p class=\"has-accent-color has-text-color\">29\/10 &#8211; <strong>Dia Mundial do Acidente Vascular Cerebral (AVC)<\/strong><\/p>\n\n\n\n<p class=\"has-accent-color has-text-color\">30\/10 &#8211; <strong>Dia do M\u00e9dico Ginecologista<\/strong><\/p>\n\n\n\n<p class=\"has-accent-color has-text-color\">30\/10 &#8211;&nbsp;<strong>Dia Nacional de Luta do Paciente Reum\u00e1tico<\/strong><\/p>\n\n\n\n<p class=\"has-accent-color has-text-color\">31\/10 &#8211; <strong>Dia Mundial das Cidades<\/strong><\/p>\n\n\n\n<div style=\"height:50px\" aria-hidden=\"true\" class=\"wp-block-spacer\"><\/div>\n\n\n\n<p class=\"has-text-color\" style=\"color:#23265e\">Precisa de ajuda para se comunicar com seu p\u00fablico nessas datas publicit\u00e1rias da sa\u00fade para o m\u00eas de outubro? A <a href=\"https:\/\/doctormkt.com.br\" target=\"_blank\" rel=\"noreferrer noopener\">Doctor Mkt<\/a> \u00e9 refer\u00eancia na divulga\u00e7\u00e3o de m\u00e9dicos, cl\u00ednicas e hospitais. Conte conosco!<\/p>\n\n\n\n<div style=\"height:30px\" aria-hidden=\"true\" class=\"wp-block-spacer\"><\/div>\n\n\n\n<div class=\"wp-block-buttons is-horizontal is-content-justification-center is-layout-flex wp-container-core-buttons-is-layout-769315fb wp-block-buttons-is-layout-flex\">\n<div class=\"wp-block-button is-style-fill\"><a class=\"wp-block-button__link has-accent-background-color has-background wp-element-button\" href=\"https:\/\/doctormkt.com.br\" style=\"border-radius:8px\" target=\"_blank\" rel=\"noreferrer noopener\">Conhe\u00e7a a Doctor Mkt<\/a><\/div>\n\n\n\n<div class=\"wp-block-button is-style-fill\"><a class=\"wp-block-button__link has-background wp-element-button\" href=\"https:\/\/wa.me\/5541991217947\" style=\"border-radius:8px;background-color:#006d56\" target=\"_blank\" rel=\"noreferrer noopener\">Fale com um analista<\/a><\/div>\n<\/div>\n\n\n\n<div style=\"height:100px\" aria-hidden=\"true\" class=\"wp-block-spacer\"><\/div>\n\n\n\n<hr class=\"wp-block-separator has-text-color has-alpha-channel-opacity has-background\" style=\"background-color:#006d56;color:#006d56\"\/>\n\n\n\n<div style=\"height:100px\" aria-hidden=\"true\" class=\"wp-block-spacer\"><\/div>\n\n\n\n<h2 class=\"wp-block-heading has-accent-color has-text-color has-large-font-size\" id=\"datas-de-novembro\">Comemora\u00e7\u00f5es de Novembro na \u00c1rea da Sa\u00fade<\/h2>\n\n\n\n<div style=\"height:50px\" aria-hidden=\"true\" class=\"wp-block-spacer\"><\/div>\n\n\n\n<h3 class=\"wp-block-heading has-accent-color has-text-color\">Eventos e Datas M\u00f3veis de Novembro<\/h3>\n\n\n\n<div style=\"height:25px\" aria-hidden=\"true\" class=\"wp-block-spacer\"><\/div>\n\n\n\n<ul style=\"font-size:18px\" class=\"has-white-color has-accent-background-color has-text-color has-background wp-block-list\">\n<li>Semana de 01 a 07 de Novembro &#8211; <strong>Semana Nacional da Preven\u00e7\u00e3o do C\u00e2ncer Bucal<\/strong><br><br><\/li>\n\n\n\n<li>Semana do dia 11 de Novembro &#8211; <strong>Semana Internacional da Ci\u00eancia e da Paz<\/strong><br><br><\/li>\n\n\n\n<li>Semana de 18 a 24 de Novembro &#8211; <strong>Semana Mundial de Conscientiza\u00e7\u00e3o Sobre o Uso de Antimicrobianos<\/strong> (Criado pela OMS)<br><br><\/li>\n\n\n\n<li>Terceira quarta-feira de Novembro &#8211; <strong>Dia Mundial da Doen\u00e7a Pulmonar Obstrutiva Cr\u00f4nica (DPOC)<\/strong> (Criado pela <a href=\"https:\/\/goldcopd.org\/\" target=\"_blank\" rel=\"noreferrer noopener\">GOLD<\/a>)<br><br><\/li>\n\n\n\n<li>Terceiro domingo de Novembro &#8211;&nbsp;<strong>Dia Mundial em Mem\u00f3ria \u00e0s V\u00edtimas de Tr\u00e2nsito<\/strong> (Criado pela ONU)<br><br><\/li>\n\n\n\n<li>Pen\u00faltimo s\u00e1bado de Novembro &#8211; <strong>Dia Nacional de Combate \u00e0 Dengue<\/strong> (de acordo com a Lei 12.235 de 2010)<br><br><\/li>\n\n\n\n<li>Quarta sexta-feira de Novembro &#8211; <strong>Black Friday<\/strong><br><br><\/li>\n\n\n\n<li>Segunda-feira ap\u00f3s a Black Friday em Novembro &#8211; <strong>Cyber Monday<\/strong><br><br><\/li>\n\n\n\n<li>\u00daltima semana de Novembro &#8211; <strong>Semana Nacional do Doador de Sangue<\/strong><br><br><\/li>\n\n\n\n<li>Novembro Azul &#8211; <strong>Diabetes<\/strong><br><br><\/li>\n\n\n\n<li>Novembro Azul &#8211; <strong>Sa\u00fade do Homem como um Todo<\/strong> e <strong>Conscientiza\u00e7\u00e3o sobre C\u00e2ncer de Pr\u00f3stata<\/strong> (tradicional no Brasil, na maioria dos outros pa\u00edses temos Setembro Azul com os mesmos fins)<br><br><\/li>\n\n\n\n<li>Novembro Laranja &#8211; <strong>Campanha Nacional de Alerta ao Zumbido no Ouvido<\/strong><br><br><\/li>\n\n\n\n<li>Novembro Roxo (ou Lil\u00e1s) &#8211; <strong>Conscientiza\u00e7\u00e3o sobre Prematuridade<\/strong><br><br><\/li>\n\n\n\n<li>Novembro Azul Claro &#8211; <strong>Conscientiza\u00e7\u00e3o sobre C\u00e2ncer de Est\u00f4mago<\/strong><br><br><\/li>\n\n\n\n<li>Novembro Vermelho &#8211; <strong>Conscientiza\u00e7\u00e3o sobre C\u00e2ncer de Boca<\/strong><br><br><\/li>\n\n\n\n<li>Novembro Prateado &#8211; <strong>Direitos das Crian\u00e7as e Adolescentes: Somos Todos Iguais!<\/strong><br><br><\/li>\n\n\n\n<li>Novembro Dourado &#8211; <strong>Preven\u00e7\u00e3o e Combate ao C\u00e2ncer Infanto-Juvenil<\/strong><br><br><\/li>\n\n\n\n<li>Novembro Branco &#8211; <strong>Conscientiza\u00e7\u00e3o sobre C\u00e2ncer de Pulm\u00e3o<\/strong><\/li>\n<\/ul>\n\n\n\n<div style=\"height:50px\" aria-hidden=\"true\" class=\"wp-block-spacer\"><\/div>\n\n\n\n<h3 class=\"wp-block-heading has-accent-color has-text-color\">Datas Fixas da Primeira Quinzena de Novembro<\/h3>\n\n\n\n<div style=\"height:25px\" aria-hidden=\"true\" class=\"wp-block-spacer\"><\/div>\n\n\n\n<p class=\"has-accent-color has-text-color\">01\/11 &#8211; <strong>Dia Mundial do Vegano<\/strong> (criado pela <a href=\"https:\/\/www.vegansociety.com\/\" target=\"_blank\" rel=\"noreferrer noopener\">The Vegan Society<\/a>)<\/p>\n\n\n\n<p class=\"has-accent-color has-text-color\">06\/11 &#8211;&nbsp;<strong>Dia Nacional do Riso<\/strong><\/p>\n\n\n\n<p class=\"has-accent-color has-text-color\">06\/11 &#8211; <strong>Dia de Combate \u00e0 Mal\u00e1ria nas Am\u00e9ricas<\/strong><\/p>\n\n\n\n<p class=\"has-accent-color has-text-color\">07\/11 &#8211; <strong>Dia Internacional da F\u00edsica M\u00e9dica<\/strong> (Criado pela <a href=\"https:\/\/www.iomp.org\/\" target=\"_blank\" rel=\"noreferrer noopener\">IOMP<\/a>, para comunicar sobre o papel do m\u00e9dico que usa a f\u00edsica para diagnosticar e tratar pacientes)<\/p>\n\n\n\n<p class=\"has-accent-color has-text-color\">08\/11 &#8211;<strong>&nbsp;Dia do M\u00e9dico Radiologista<\/strong><\/p>\n\n\n\n<p class=\"has-accent-color has-text-color\">08\/11 &#8211;&nbsp;<strong>Dia&nbsp;Internacional da&nbsp;Radiologia<\/strong> (data correta quando, em 1895, o cientista alem\u00e3o Wilhelm C. Rontgen completou a descoberta do Raio-X, apesar de ser citado com a data de 09\/11 na Biblioteca Digital da C\u00e2mara dos Deputados)<\/p>\n\n\n\n<p class=\"has-accent-color has-text-color\">10\/11 &#8211;&nbsp;<strong>Dia Nacional da Preven\u00e7\u00e3o e Combate \u00e0 Surdez<\/strong><\/p>\n\n\n\n<p class=\"has-accent-color has-text-color\">10\/11 &#8211; <strong>Dia Mundial do Ceratocone<\/strong><\/p>\n\n\n\n<p class=\"has-accent-color has-text-color\">10\/11 &#8211; <strong>Dia Nacional do M\u00e9dico Intensivista<\/strong><\/p>\n\n\n\n<p class=\"has-accent-color has-text-color\">12\/11 &#8211; <strong>Dia Mundial do Combate \u00e0 Pneumonia<\/strong><\/p>\n\n\n\n<p class=\"has-accent-color has-text-color\">12\/11 &#8211; <strong>Dia Internacional da Qualidade<\/strong><\/p>\n\n\n\n<p class=\"has-accent-color has-text-color\">12\/11 &#8211; <strong>Dia Nacional de Preven\u00e7\u00e3o \u00e0s Arritmias Card\u00edacas e Morte S\u00fabita<\/strong><\/p>\n\n\n\n<p class=\"has-accent-color has-text-color\">13\/11 &#8211;<strong>&nbsp;Dia da Gentileza<\/strong><\/p>\n\n\n\n<p class=\"has-accent-color has-text-color\">14\/11 &#8211;&nbsp;<strong>Dia Nacional e Mundial do Diabetes<\/strong> (Criado pela OMS e endossado pela ONU)<\/p>\n\n\n\n<div style=\"height:50px\" aria-hidden=\"true\" class=\"wp-block-spacer\"><\/div>\n\n\n\n<h3 class=\"wp-block-heading has-accent-color has-text-color\">Datas Fixas da Segunda Quinzena de Novembro<\/h3>\n\n\n\n<div style=\"height:25px\" aria-hidden=\"true\" class=\"wp-block-spacer\"><\/div>\n\n\n\n<p class=\"has-accent-color has-text-color\">15\/11 &#8211; <strong>Dia Mundial para Lembrar das V\u00edtimas do Tr\u00e2nsito<\/strong> (criado pela <a href=\"https:\/\/www.roadpeace.org\/\" target=\"_blank\" rel=\"noreferrer noopener\">RoadPeace<\/a> em 1993, e menos lembrado do que o terceiro domingo de novembro, data oficializada pela ONU)<\/p>\n\n\n\n<p class=\"has-accent-color has-text-color\">16\/11 &#8211;&nbsp;<strong>Dia Nacional dos Ostomizados<\/strong><\/p>\n\n\n\n<p class=\"has-accent-color has-text-color\">16\/11 &#8211; <strong>Dia Nacional de Aten\u00e7\u00e3o \u00e0 Dislexia<\/strong><\/p>\n\n\n\n<p class=\"has-accent-color has-text-color\">16\/11 &#8211;&nbsp;<strong>Dia do N\u00e3o Fumar<\/strong><\/p>\n\n\n\n<p class=\"has-accent-color has-text-color\">16\/11 &#8211; <strong>Dia Internacional pela Toler\u00e2ncia<\/strong> (criado pela ONU)<\/p>\n\n\n\n<p class=\"has-accent-color has-text-color\">17\/11 &#8211; <strong>Dia Mundial Contra o C\u00e2ncer de Pr\u00f3stata<\/strong><\/p>\n\n\n\n<p class=\"has-accent-color has-text-color\">17\/11 &#8211;<strong>&nbsp;Dia Mundial da Prematuridade<\/strong><\/p>\n\n\n\n<p class=\"has-accent-color has-text-color\">17\/11 &#8211;<strong>&nbsp;Dia Nacional de Combate \u00e0 Tuberculose<\/strong><\/p>\n\n\n\n<p class=\"has-accent-color has-text-color\">18\/11 &#8211; <strong>Dia Nacional de Combate ao Racismo<\/strong><\/p>\n\n\n\n<p class=\"has-accent-color has-text-color\">18\/11 &#8211; <strong>Dia Mundial do Adulto<\/strong> (criado pela OMS, para combater o crescente problema do envelhecimento, incentivando os adultos a viverem com seus pais idosos e ajud\u00e1-los)<\/p>\n\n\n\n<p class=\"has-accent-color has-text-color\">19\/11 &#8211;&nbsp;<strong>Dia Internacional do Homem<\/strong><\/p>\n\n\n\n<p class=\"has-accent-color has-text-color\">19\/11 &#8211; <strong>Dia Mundial do Banheiro<\/strong> (Reconhecido pela ONU para incentivar o saneamento b\u00e1sico)<\/p>\n\n\n\n<p class=\"has-accent-color has-text-color\">19\/11 &#8211; <strong>Dia Mundial para a Preven\u00e7\u00e3o do Abuso Infantil<\/strong> (criado em 2000 pela <a href=\"https:\/\/www.woman.ch\/\" target=\"_blank\" rel=\"noreferrer noopener\">WWSF<\/a>)<\/p>\n\n\n\n<p class=\"has-accent-color has-text-color\">20\/11 &#8211;&nbsp;<strong>Dia da Consci\u00eancia Negra<\/strong><\/p>\n\n\n\n<p class=\"has-accent-color has-text-color\">20\/11 &#8211; <strong>Dia Universal <\/strong>(dos direitos)<strong> da Crian\u00e7a<\/strong> (Resolu\u00e7\u00e3o da ONU endossada pela UNICEF, desde 1959, quando foi aprovada a Declara\u00e7\u00e3o dos Direitos da Crian\u00e7a, tornando defasada a data de 01\/06, que havia sido criada pela pr\u00f3pria ONU, apesar de tradicionalmente comemorada a Festa da Crian\u00e7a, em 12\/10)<\/p>\n\n\n\n<p class=\"has-accent-color has-text-color\">20\/11 &#8211;<strong>&nbsp;Dia Nacional do Biom\u00e9dico<\/strong><\/p>\n\n\n\n<p class=\"has-accent-color has-text-color\">21\/11 &#8211;<strong>&nbsp;Dia Nacional da Homeopatia e do Homeopata<\/strong><\/p>\n\n\n\n<p class=\"has-accent-color has-text-color\">23\/11 &#8211;&nbsp;<strong>Dia Nacional de Combate ao C\u00e2ncer Infanto-Juvenil<\/strong><\/p>\n\n\n\n<p class=\"has-accent-color has-text-color\">25\/11 &#8211;&nbsp;<strong>Dia do Mundial do Doador de Sangue<\/strong><\/p>\n\n\n\n<p class=\"has-accent-color has-text-color\">25\/11 &#8211;<strong>&nbsp;Dia Internacional pela Elimina\u00e7\u00e3o Viol\u00eancia Contra a Mulher<\/strong> (criado pela ONU)<\/p>\n\n\n\n<p class=\"has-accent-color has-text-color\">25\/11 &#8211; <strong>Dia Nacional de Combate ao C\u00e2ncer de Pele<\/strong><\/p>\n\n\n\n<p class=\"has-accent-color has-text-color\">26\/11 &#8211; <strong>Dia Mundial da Oliveira<\/strong> (Criado pela UNESCO)<\/p>\n\n\n\n<p class=\"has-accent-color has-text-color\">27\/11 &#8211;<strong>&nbsp;Dia Nacional e Internaciona<\/strong>l<strong> de Combate ao C\u00e2ncer<\/strong><\/p>\n\n\n\n<p class=\"has-accent-color has-text-color\">27\/11<strong>&nbsp;&#8211;&nbsp;Dia do T\u00e9cnico de Seguran\u00e7a do Trabalho<\/strong><\/p>\n\n\n\n<p class=\"has-accent-color has-text-color\">27\/11 &#8211;<strong>&nbsp;Dia Nacional de Luta contra o C\u00e2ncer de Mama<\/strong><\/p>\n\n\n\n<div style=\"height:50px\" aria-hidden=\"true\" class=\"wp-block-spacer\"><\/div>\n\n\n\n<p class=\"has-text-color\" style=\"color:#23265e\">Precisa de ajuda para se comunicar com seu p\u00fablico nessas datas publicit\u00e1rias da sa\u00fade para o m\u00eas de novembro? A <a href=\"https:\/\/doctormkt.com.br\" target=\"_blank\" rel=\"noreferrer noopener\">Doctor Mkt<\/a> \u00e9 refer\u00eancia na divulga\u00e7\u00e3o de m\u00e9dicos, cl\u00ednicas e hospitais. Conte conosco!<\/p>\n\n\n\n<div style=\"height:30px\" aria-hidden=\"true\" class=\"wp-block-spacer\"><\/div>\n\n\n\n<div class=\"wp-block-buttons is-horizontal is-content-justification-center is-layout-flex wp-container-core-buttons-is-layout-769315fb wp-block-buttons-is-layout-flex\">\n<div class=\"wp-block-button is-style-fill\"><a class=\"wp-block-button__link has-accent-background-color has-background wp-element-button\" href=\"https:\/\/doctormkt.com.br\" style=\"border-radius:8px\" target=\"_blank\" rel=\"noreferrer noopener\">Conhe\u00e7a a Doctor Mkt<\/a><\/div>\n\n\n\n<div class=\"wp-block-button is-style-fill\"><a class=\"wp-block-button__link has-background wp-element-button\" href=\"https:\/\/wa.me\/5541991217947\" style=\"border-radius:8px;background-color:#006d56\" target=\"_blank\" rel=\"noreferrer noopener\">Fale com um analista<\/a><\/div>\n<\/div>\n\n\n\n<div style=\"height:100px\" aria-hidden=\"true\" class=\"wp-block-spacer\"><\/div>\n\n\n\n<hr class=\"wp-block-separator has-text-color has-alpha-channel-opacity has-background\" style=\"background-color:#006d56;color:#006d56\"\/>\n\n\n\n<div style=\"height:100px\" aria-hidden=\"true\" class=\"wp-block-spacer\"><\/div>\n\n\n\n<h2 class=\"wp-block-heading has-accent-color has-text-color has-large-font-size\" id=\"datas-de-dezembro\">Datas Publicit\u00e1rias da Sa\u00fade em Dezembro<\/h2>\n\n\n\n<div style=\"height:50px\" aria-hidden=\"true\" class=\"wp-block-spacer\"><\/div>\n\n\n\n<h3 class=\"wp-block-heading has-accent-color has-text-color\">Eventos e Datas M\u00f3veis de Dezembro<\/h3>\n\n\n\n<div style=\"height:25px\" aria-hidden=\"true\" class=\"wp-block-spacer\"><\/div>\n\n\n\n<ul style=\"font-size:18px\" class=\"has-white-color has-accent-background-color has-text-color has-background wp-block-list\">\n<li>Semana de 14 a 21 de Dezembro &#8211; <strong>Semana de Mobiliza\u00e7\u00e3o Nacional para Doa\u00e7\u00e3o de Medula \u00d3ssea<\/strong><br><br><\/li>\n\n\n\n<li>Dezembro Laranja &#8211;&nbsp;<strong>Conscientiza\u00e7\u00e3o Sobre o C\u00e2ncer de Pele<\/strong><br><br><\/li>\n\n\n\n<li>Dezembro Vermelho &#8211;&nbsp;<strong>Campanha Nacional de Preven\u00e7\u00e3o ao HIV\/Aids e Outras Infec\u00e7\u00f5es Sexualmente Transmiss\u00edveis<\/strong><br><br><\/li>\n\n\n\n<li>Dezembro Vermelho &#8211;&nbsp;<strong>Preven\u00e7\u00e3o de Acidentes na Inf\u00e2ncia e Adolesc\u00eancia<\/strong><\/li>\n<\/ul>\n\n\n\n<div style=\"height:50px\" aria-hidden=\"true\" class=\"wp-block-spacer\"><\/div>\n\n\n\n<h3 class=\"wp-block-heading\">Datas Fixas da Primeira Quinzena de Dezembro<\/h3>\n\n\n\n<div style=\"height:25px\" aria-hidden=\"true\" class=\"wp-block-spacer\"><\/div>\n\n\n\n<p class=\"has-accent-color has-text-color\">01\/12 &#8211;&nbsp;<strong>Dia Mundial de Luta Contra a Aids<\/strong> (Criado pela OMS e endossado pela ONU)<\/p>\n\n\n\n<p class=\"has-accent-color has-text-color\">02\/12 &#8211;&nbsp;<strong>Dia Pan-Americano de Sa\u00fade<\/strong><\/p>\n\n\n\n<p class=\"has-accent-color has-text-color\">02\/12 &#8211; <strong>Dia Internacional para a Aboli\u00e7\u00e3o da Escravatura<\/strong> (Criado em 1986 pela ONU)<\/p>\n\n\n\n<p class=\"has-accent-color has-text-color\">03\/12 &#8211;&nbsp;<strong>Dia Internacional das Pessoas com Defici\u00eancia<\/strong> (criado pela ONU)<\/p>\n\n\n\n<p class=\"has-accent-color has-text-color\">05\/12 &#8211; <strong>Dia da Acessibilidade<\/strong><\/p>\n\n\n\n<p class=\"has-accent-color has-text-color\">05\/12 &#8211; <strong>Dia da Cruz Vermelha Brasileira<\/strong><\/p>\n\n\n\n<p class=\"has-accent-color has-text-color\">05\/12 &#8211; <strong>Dia Internacional do Voluntariado<\/strong><\/p>\n\n\n\n<p class=\"has-accent-color has-text-color\">05\/12 &#8211;&nbsp;<strong>Dia Nacional do M\u00e9dico da Sa\u00fade da Fam\u00edlia e Comunidade<\/strong><\/p>\n\n\n\n<p class=\"has-accent-color has-text-color\">06\/12 &#8211;&nbsp;<strong>Dia Nacional de Mobiliza\u00e7\u00e3o dos Homens pelo Fim da Viol\u00eancia contra Mulheres. Campanha Brasileira do La\u00e7o Branco<\/strong>.<\/p>\n\n\n\n<p class=\"has-accent-color has-text-color\">07\/12 &#8211; <strong>Dia do M\u00e9dico Cirurgi\u00e3o Pl\u00e1stico<\/strong><\/p>\n\n\n\n<p class=\"has-accent-color has-text-color\">07\/12 &#8211; <strong>Dia Nacional da Assist\u00eancia Social<\/strong><\/p>\n\n\n\n<p class=\"has-accent-color has-text-color\">07\/12 &#8211; <strong>Dia do Profissional Cromoterapeuta e dos Terapeutas Alternativos<\/strong><\/p>\n\n\n\n<p class=\"has-accent-color has-text-color\">09\/12 &#8211;&nbsp;<strong>Dia do Fonoaudi\u00f3logo<\/strong><\/p>\n\n\n\n<p class=\"has-accent-color has-text-color\">09\/12 &#8211;&nbsp;<strong>Dia da Crian\u00e7a Especial<\/strong><\/p>\n\n\n\n<p class=\"has-accent-color has-text-color\">09\/12 &#8211; <strong>Dia do Alco\u00f3latra Recuperado<\/strong><\/p>\n\n\n\n<p class=\"has-accent-color has-text-color\">10\/12 &#8211;&nbsp;<strong>Dia Internacional dos Direitos Humanos<\/strong> (criado pela ONU)<\/p>\n\n\n\n<p class=\"has-accent-color has-text-color\">10\/12 &#8211;&nbsp;<strong>Dia Internacional dos Povos Ind\u00edgenas<\/strong><\/p>\n\n\n\n<p class=\"has-accent-color has-text-color\">11\/12 &#8211; <strong>Dia Nacional das Associa\u00e7\u00f5es de Pais e Amigos dos Excepcionais (APAEs)<\/strong><\/p>\n\n\n\n<p class=\"has-accent-color has-text-color\">11\/12 &#8211; <strong>Dia da<\/strong> (Cria\u00e7\u00e3o da) <strong>UNICEF<\/strong><\/p>\n\n\n\n<p class=\"has-accent-color has-text-color\">12\/12 &#8211; <strong>Dia Internacional da Sa\u00fade Universal<\/strong> ou <strong>Dia da Cobertura Universal da Sa\u00fade<\/strong> (Criado pela OMS e endossado pela ONU)<\/p>\n\n\n\n<p class=\"has-accent-color has-text-color\">13\/12 &#8211;<strong>&nbsp;Dia do Cego<\/strong><\/p>\n\n\n\n<p class=\"has-accent-color has-text-color\">13\/12 &#8211; <strong>Dia do \u00d3tico<\/strong> (profissional respons\u00e1vel pelas \u00f3ticas)<\/p>\n\n\n\n<p class=\"has-accent-color has-text-color\">14\/12 &#8211; <strong>Dia do M\u00e9dico Alergista<\/strong><\/p>\n\n\n\n<div style=\"height:50px\" aria-hidden=\"true\" class=\"wp-block-spacer\"><\/div>\n\n\n\n<h3 class=\"wp-block-heading has-accent-color has-text-color\">Datas Fixas da Segunda Quinzena de Dezembro<\/h3>\n\n\n\n<div style=\"height:25px\" aria-hidden=\"true\" class=\"wp-block-spacer\"><\/div>\n\n\n\n<p class=\"has-accent-color has-text-color\">20\/12 &#8211; <strong>Dia Internacional da Solidariedade Humana<\/strong> (criado pela ONU)<\/p>\n\n\n\n<p class=\"has-accent-color has-text-color\">21\/12 &#8211;&nbsp;<strong>Dia do Atleta<\/strong><\/p>\n\n\n\n<p class=\"has-accent-color has-text-color\">21\/12 &#8211;&nbsp;<strong>In\u00edcio do Ver\u00e3o<\/strong><\/p>\n\n\n\n<p class=\"has-accent-color has-text-color\">24\/12 &#8211; <strong>Dia do Auxiliar e do T\u00e9cnico em Sa\u00fade Bucal<\/strong><\/p>\n\n\n\n<p class=\"has-accent-color has-text-color\">25\/12 &#8211;<strong>&nbsp;Natal<\/strong><\/p>\n\n\n\n<p class=\"has-accent-color has-text-color\">27\/12 &#8211; <strong>Dia Internacional de Prepara\u00e7\u00e3o Epidemiol\u00f3gica<\/strong> (Criado em 2020 pela OMS e endossado pela ONU)<\/p>\n\n\n\n<p class=\"has-accent-color has-text-color\">29\/12<strong>&nbsp;&#8211;&nbsp;Dia Internacional da Biodiversidade<\/strong><\/p>\n\n\n\n<p class=\"has-accent-color has-text-color\">31\/12 &#8211; <strong>Dia da Esperan\u00e7a<\/strong><\/p>\n\n\n\n<p class=\"has-accent-color has-text-color\">31\/12 &#8211; <strong>R\u00e9veillon<\/strong><\/p>\n\n\n\n<div style=\"height:50px\" aria-hidden=\"true\" class=\"wp-block-spacer\"><\/div>\n\n\n\n<p class=\"has-text-color\" style=\"color:#23265e\">Precisa de ajuda para se comunicar com seu p\u00fablico nessas datas publicit\u00e1rias da sa\u00fade para o m\u00eas de dezembro? A <a href=\"https:\/\/doctormkt.com.br\" target=\"_blank\" rel=\"noreferrer noopener\">Doctor Mkt<\/a> \u00e9 refer\u00eancia na divulga\u00e7\u00e3o de m\u00e9dicos, cl\u00ednicas e hospitais. Conte conosco!<\/p>\n\n\n\n<div style=\"height:30px\" aria-hidden=\"true\" class=\"wp-block-spacer\"><\/div>\n\n\n\n<div class=\"wp-block-buttons is-horizontal is-content-justification-center is-layout-flex wp-container-core-buttons-is-layout-769315fb wp-block-buttons-is-layout-flex\">\n<div class=\"wp-block-button is-style-fill\"><a class=\"wp-block-button__link has-accent-background-color has-background wp-element-button\" href=\"https:\/\/doctormkt.com.br\" style=\"border-radius:8px\" target=\"_blank\" rel=\"noreferrer noopener\">Conhe\u00e7a a Doctor Mkt<\/a><\/div>\n\n\n\n<div class=\"wp-block-button is-style-fill\"><a class=\"wp-block-button__link has-background wp-element-button\" href=\"https:\/\/wa.me\/5541991217947\" style=\"border-radius:8px;background-color:#006d56\" target=\"_blank\" rel=\"noreferrer noopener\">Fale com um analista<\/a><\/div>\n<\/div>\n\n\n\n<div style=\"height:100px\" aria-hidden=\"true\" class=\"wp-block-spacer\"><\/div>\n\n\n\n<hr class=\"wp-block-separator has-text-color has-alpha-channel-opacity has-background\" style=\"background-color:#006d56;color:#006d56\"\/>\n\n\n\n<div style=\"height:100px\" aria-hidden=\"true\" class=\"wp-block-spacer\"><\/div>\n\n\n\n<h2 class=\"wp-block-heading has-accent-color has-text-color\">Fontes das Datas Publicit\u00e1rias da Sa\u00fade<\/h2>\n\n\n\n<div style=\"height:25px\" aria-hidden=\"true\" class=\"wp-block-spacer\"><\/div>\n\n\n\n<p class=\"has-accent-color has-text-color\"><a href=\"https:\/\/www.un.org\/en\/observances\/list-days-weeks\" target=\"_blank\" rel=\"noreferrer noopener\">Lista de Datas e Semanas Internacionais &#8211; Organiza\u00e7\u00e3o das Na\u00e7\u00f5es Unidas<\/a><\/p>\n\n\n\n<p><a href=\"https:\/\/www.who.int\/campaigns\" target=\"_blank\" rel=\"noreferrer noopener\">Dias Globais da Sa\u00fade &#8211; Organiza\u00e7\u00e3o Mundial da Sa\u00fade<\/a><\/p>\n\n\n\n<p class=\"has-accent-color has-text-color\"><a href=\"https:\/\/bvsms.saude.gov.br\/bvs\/saudelegis\/gm\/2017\/prc0001_03_10_2017.html#TITULOI\" target=\"_blank\" rel=\"noreferrer noopener\">Consolida\u00e7\u00e3o das normas Sobre os Direitos e Deveres dos Usu\u00e1rios da Sa\u00fade &#8211; Minist\u00e9rio da Sa\u00fade<\/a><\/p>\n\n\n\n<p class=\"has-accent-color has-text-color\"><a href=\"https:\/\/bvsms.saude.gov.br\/datas-da-saude\/\" target=\"_blank\" rel=\"noreferrer noopener\">Biblioteca Virtual em Sa\u00fade &#8211; Minist\u00e9rio da Sa\u00fade<\/a><\/p>\n\n\n\n<p class=\"has-accent-color has-text-color\"><a href=\"https:\/\/www.gov.br\/saude\/pt-br\/assuntos\/saude-de-a-a-z\/c\/calendario-da-saude\" target=\"_blank\" rel=\"noreferrer noopener\">Calend\u00e1rio da Sa\u00fade &#8211; Minist\u00e9rio da Sa\u00fade<\/a><\/p>\n\n\n\n<p class=\"has-accent-color has-text-color\"><a href=\"https:\/\/bd.camara.leg.br\/bd\/bitstream\/handle\/bdcamara\/10008\/datas_comemorativas_outras.pdf\" target=\"_blank\" rel=\"noreferrer noopener\">Biblioteca Digital da C\u00e2mara &#8211; C\u00e2mara dos Deputados<\/a><\/p>\n\n\n\n<p class=\"has-accent-color has-text-color\"><a href=\"https:\/\/www.janela.com.br\/guia-do-mercado\/calendario_promocional.html\" target=\"_blank\" rel=\"noreferrer noopener\">Calend\u00e1rio Publicit\u00e1rio &#8211; Janela<\/a><\/p>\n\n\n\n<p class=\"has-accent-color has-text-color\"><a href=\"https:\/\/www.revisamed.com.br\/voce-na-residencia-medica\/temas-medicos\/calendario-saude-revisamed\/\" target=\"_blank\" rel=\"noreferrer noopener\">Calend\u00e1rio da Sa\u00fade &#8211; Revisamed<\/a><\/p>\n\n\n\n<p class=\"has-accent-color has-text-color\"><a href=\"https:\/\/conselho.saude.pr.gov.br\/Pagina\/Calendario-Anual-da-Saude\">Calend\u00e1rio anual da sa\u00fade &#8211; Conselho Federal de Sa\u00fade do Paran\u00e1<\/a><\/p>\n","protected":false},"excerpt":{"rendered":"<p>Bem-vindo ao nosso Calend\u00e1rio de Datas Publicit\u00e1rias e Comemorativas da Sa\u00fade! Voc\u00ea j\u00e1 deve ter percebido o quanto \u00e9 dif\u00edcil encontrar uma fonte confi\u00e1vel o organizada, que contenha todas as datas do calend\u00e1rio da sa\u00fade. Neste artigo, nos esfor\u00e7amos para fazer uma lista de datas publicit\u00e1rias para m\u00e9dicos e profissionais [&hellip;]<\/p>\n","protected":false},"author":2,"featured_media":106,"comment_status":"open","ping_status":"open","sticky":false,"template":"","format":"standard","meta":{"inline_featured_image":false,"footnotes":""},"categories":[3,6,1],"tags":[8,10,9],"class_list":["post-73","post","type-post","status-publish","format-standard","has-post-thumbnail","hentry","category-marketing-para-saude","category-redes-sociais","category-todos-os-artigos","tag-datas-comemorativas-2","tag-datas-medicas","tag-datas-publicitarias"],"yoast_head":"<!-- This site is optimized with the Yoast SEO plugin v21.8 - https:\/\/yoast.com\/wordpress\/plugins\/seo\/ -->\n<title>Lista de Datas Publicit\u00e1rias da Sa\u00fade<\/title>\n<meta name=\"description\" content=\"Fonte confi\u00e1vel e organizada, verificada periodicamente e que cont\u00e9m todas as datas publicit\u00e1rias importantes para a \u00e1rea da sa\u00fade.\" \/>\n<meta name=\"robots\" content=\"index, follow, max-snippet:-1, max-image-preview:large, max-video-preview:-1\" \/>\n<link rel=\"canonical\" href=\"https:\/\/doctormkt.com.br\/blog\/todos-os-artigos\/lista-de-datas-publicitarias-para-medicos-e-profissionais-da-saude\/\" \/>\n<meta property=\"og:locale\" content=\"pt_BR\" \/>\n<meta property=\"og:type\" content=\"article\" \/>\n<meta property=\"og:title\" content=\"Lista de Datas Publicit\u00e1rias da Sa\u00fade\" \/>\n<meta property=\"og:description\" content=\"Fonte confi\u00e1vel e organizada, verificada periodicamente e que cont\u00e9m todas as datas publicit\u00e1rias importantes para a \u00e1rea da sa\u00fade.\" \/>\n<meta property=\"og:url\" content=\"https:\/\/doctormkt.com.br\/blog\/todos-os-artigos\/lista-de-datas-publicitarias-para-medicos-e-profissionais-da-saude\/\" \/>\n<meta property=\"og:site_name\" content=\"Blog do Doctor Marketing\" \/>\n<meta property=\"article:publisher\" content=\"https:\/\/www.facebook.com\/doctor.mktng\/\" \/>\n<meta property=\"article:published_time\" content=\"2022-07-15T23:00:00+00:00\" \/>\n<meta property=\"article:modified_time\" content=\"2024-01-09T09:28:07+00:00\" \/>\n<meta property=\"og:image\" content=\"https:\/\/doctormkt.com.br\/blog\/wp-content\/uploads\/2022\/07\/1.png\" \/>\n\t<meta property=\"og:image:width\" content=\"825\" \/>\n\t<meta property=\"og:image:height\" content=\"550\" \/>\n\t<meta property=\"og:image:type\" content=\"image\/png\" \/>\n<meta name=\"author\" content=\"Doctor Marketing\" \/>\n<meta name=\"twitter:card\" content=\"summary_large_image\" \/>\n<meta name=\"twitter:label1\" content=\"Escrito por\" \/>\n\t<meta name=\"twitter:data1\" content=\"Doctor Marketing\" \/>\n\t<meta name=\"twitter:label2\" content=\"Est. tempo de leitura\" \/>\n\t<meta name=\"twitter:data2\" content=\"35 minutos\" \/>\n<script type=\"application\/ld+json\" class=\"yoast-schema-graph\">{\"@context\":\"https:\/\/schema.org\",\"@graph\":[{\"@type\":\"Article\",\"@id\":\"https:\/\/doctormkt.com.br\/blog\/todos-os-artigos\/lista-de-datas-publicitarias-para-medicos-e-profissionais-da-saude\/#article\",\"isPartOf\":{\"@id\":\"https:\/\/doctormkt.com.br\/blog\/todos-os-artigos\/lista-de-datas-publicitarias-para-medicos-e-profissionais-da-saude\/\"},\"author\":{\"name\":\"Doctor Marketing\",\"@id\":\"https:\/\/doctormkt.com.br\/blog\/#\/schema\/person\/89ff616f26371fe06157f02d59e7b2af\"},\"headline\":\"Datas Publicit\u00e1rias da Sa\u00fade\",\"datePublished\":\"2022-07-15T23:00:00+00:00\",\"dateModified\":\"2024-01-09T09:28:07+00:00\",\"mainEntityOfPage\":{\"@id\":\"https:\/\/doctormkt.com.br\/blog\/todos-os-artigos\/lista-de-datas-publicitarias-para-medicos-e-profissionais-da-saude\/\"},\"wordCount\":7203,\"commentCount\":0,\"publisher\":{\"@id\":\"https:\/\/doctormkt.com.br\/blog\/#organization\"},\"keywords\":[\"datas comemorativas\",\"datas m\u00e9dicas\",\"datas publicit\u00e1rias\"],\"articleSection\":[\"Marketing para Sa\u00fade\",\"Redes Sociais\",\"Todos os Artigos\"],\"inLanguage\":\"pt-BR\",\"potentialAction\":[{\"@type\":\"CommentAction\",\"name\":\"Comment\",\"target\":[\"https:\/\/doctormkt.com.br\/blog\/todos-os-artigos\/lista-de-datas-publicitarias-para-medicos-e-profissionais-da-saude\/#respond\"]}]},{\"@type\":\"WebPage\",\"@id\":\"https:\/\/doctormkt.com.br\/blog\/todos-os-artigos\/lista-de-datas-publicitarias-para-medicos-e-profissionais-da-saude\/\",\"url\":\"https:\/\/doctormkt.com.br\/blog\/todos-os-artigos\/lista-de-datas-publicitarias-para-medicos-e-profissionais-da-saude\/\",\"name\":\"Lista de Datas Publicit\u00e1rias da Sa\u00fade\",\"isPartOf\":{\"@id\":\"https:\/\/doctormkt.com.br\/blog\/#website\"},\"datePublished\":\"2022-07-15T23:00:00+00:00\",\"dateModified\":\"2024-01-09T09:28:07+00:00\",\"description\":\"Fonte confi\u00e1vel e organizada, verificada periodicamente e que cont\u00e9m todas as datas publicit\u00e1rias importantes para a \u00e1rea da sa\u00fade.\",\"breadcrumb\":{\"@id\":\"https:\/\/doctormkt.com.br\/blog\/todos-os-artigos\/lista-de-datas-publicitarias-para-medicos-e-profissionais-da-saude\/#breadcrumb\"},\"inLanguage\":\"pt-BR\",\"potentialAction\":[{\"@type\":\"ReadAction\",\"target\":[\"https:\/\/doctormkt.com.br\/blog\/todos-os-artigos\/lista-de-datas-publicitarias-para-medicos-e-profissionais-da-saude\/\"]}]},{\"@type\":\"BreadcrumbList\",\"@id\":\"https:\/\/doctormkt.com.br\/blog\/todos-os-artigos\/lista-de-datas-publicitarias-para-medicos-e-profissionais-da-saude\/#breadcrumb\",\"itemListElement\":[{\"@type\":\"ListItem\",\"position\":1,\"name\":\"In\u00edcio\",\"item\":\"https:\/\/doctormkt.com.br\/blog\/\"},{\"@type\":\"ListItem\",\"position\":2,\"name\":\"Datas Publicit\u00e1rias da Sa\u00fade\"}]},{\"@type\":\"WebSite\",\"@id\":\"https:\/\/doctormkt.com.br\/blog\/#website\",\"url\":\"https:\/\/doctormkt.com.br\/blog\/\",\"name\":\"Blog do Doctor Marketing\",\"description\":\"Informa\u00e7\u00f5es sobre Marketing para M\u00e9dicos, Cl\u00ednicas e Hospitais\",\"publisher\":{\"@id\":\"https:\/\/doctormkt.com.br\/blog\/#organization\"},\"potentialAction\":[{\"@type\":\"SearchAction\",\"target\":{\"@type\":\"EntryPoint\",\"urlTemplate\":\"https:\/\/doctormkt.com.br\/blog\/?s={search_term_string}\"},\"query-input\":\"required name=search_term_string\"}],\"inLanguage\":\"pt-BR\"},{\"@type\":\"Organization\",\"@id\":\"https:\/\/doctormkt.com.br\/blog\/#organization\",\"name\":\"Blog do Doctor Marketing\",\"url\":\"https:\/\/doctormkt.com.br\/blog\/\",\"logo\":{\"@type\":\"ImageObject\",\"inLanguage\":\"pt-BR\",\"@id\":\"https:\/\/doctormkt.com.br\/blog\/#\/schema\/logo\/image\/\",\"url\":\"https:\/\/doctormkt.com.br\/blog\/wp-content\/uploads\/2022\/03\/logo-1.png\",\"contentUrl\":\"https:\/\/doctormkt.com.br\/blog\/wp-content\/uploads\/2022\/03\/logo-1.png\",\"width\":1832,\"height\":573,\"caption\":\"Blog do Doctor Marketing\"},\"image\":{\"@id\":\"https:\/\/doctormkt.com.br\/blog\/#\/schema\/logo\/image\/\"},\"sameAs\":[\"https:\/\/www.facebook.com\/doctor.mktng\/\",\"https:\/\/www.instagram.com\/doc_mkt\/\"]},{\"@type\":\"Person\",\"@id\":\"https:\/\/doctormkt.com.br\/blog\/#\/schema\/person\/89ff616f26371fe06157f02d59e7b2af\",\"name\":\"Doctor Marketing\",\"image\":{\"@type\":\"ImageObject\",\"inLanguage\":\"pt-BR\",\"@id\":\"https:\/\/doctormkt.com.br\/blog\/#\/schema\/person\/image\/\",\"url\":\"https:\/\/secure.gravatar.com\/avatar\/1fa6c1329487885a2700115281bd09d5a48f7306c129e81448c2013cbb89f709?s=96&d=mm&r=g\",\"contentUrl\":\"https:\/\/secure.gravatar.com\/avatar\/1fa6c1329487885a2700115281bd09d5a48f7306c129e81448c2013cbb89f709?s=96&d=mm&r=g\",\"caption\":\"Doctor Marketing\"},\"sameAs\":[\"https:\/\/doctormkt.com.br\"],\"url\":\"https:\/\/doctormkt.com.br\/blog\/author\/tecnico\/\"}]}<\/script>\n<!-- \/ Yoast SEO plugin. -->","yoast_head_json":{"title":"Lista de Datas Publicit\u00e1rias da Sa\u00fade","description":"Fonte confi\u00e1vel e organizada, verificada periodicamente e que cont\u00e9m todas as datas publicit\u00e1rias importantes para a \u00e1rea da sa\u00fade.","robots":{"index":"index","follow":"follow","max-snippet":"max-snippet:-1","max-image-preview":"max-image-preview:large","max-video-preview":"max-video-preview:-1"},"canonical":"https:\/\/doctormkt.com.br\/blog\/todos-os-artigos\/lista-de-datas-publicitarias-para-medicos-e-profissionais-da-saude\/","og_locale":"pt_BR","og_type":"article","og_title":"Lista de Datas Publicit\u00e1rias da Sa\u00fade","og_description":"Fonte confi\u00e1vel e organizada, verificada periodicamente e que cont\u00e9m todas as datas publicit\u00e1rias importantes para a \u00e1rea da sa\u00fade.","og_url":"https:\/\/doctormkt.com.br\/blog\/todos-os-artigos\/lista-de-datas-publicitarias-para-medicos-e-profissionais-da-saude\/","og_site_name":"Blog do Doctor Marketing","article_publisher":"https:\/\/www.facebook.com\/doctor.mktng\/","article_published_time":"2022-07-15T23:00:00+00:00","article_modified_time":"2024-01-09T09:28:07+00:00","og_image":[{"width":825,"height":550,"url":"https:\/\/doctormkt.com.br\/blog\/wp-content\/uploads\/2022\/07\/1.png","type":"image\/png"}],"author":"Doctor Marketing","twitter_card":"summary_large_image","twitter_misc":{"Escrito por":"Doctor Marketing","Est. tempo de leitura":"35 minutos"},"schema":{"@context":"https:\/\/schema.org","@graph":[{"@type":"Article","@id":"https:\/\/doctormkt.com.br\/blog\/todos-os-artigos\/lista-de-datas-publicitarias-para-medicos-e-profissionais-da-saude\/#article","isPartOf":{"@id":"https:\/\/doctormkt.com.br\/blog\/todos-os-artigos\/lista-de-datas-publicitarias-para-medicos-e-profissionais-da-saude\/"},"author":{"name":"Doctor Marketing","@id":"https:\/\/doctormkt.com.br\/blog\/#\/schema\/person\/89ff616f26371fe06157f02d59e7b2af"},"headline":"Datas Publicit\u00e1rias da Sa\u00fade","datePublished":"2022-07-15T23:00:00+00:00","dateModified":"2024-01-09T09:28:07+00:00","mainEntityOfPage":{"@id":"https:\/\/doctormkt.com.br\/blog\/todos-os-artigos\/lista-de-datas-publicitarias-para-medicos-e-profissionais-da-saude\/"},"wordCount":7203,"commentCount":0,"publisher":{"@id":"https:\/\/doctormkt.com.br\/blog\/#organization"},"keywords":["datas comemorativas","datas m\u00e9dicas","datas publicit\u00e1rias"],"articleSection":["Marketing para Sa\u00fade","Redes Sociais","Todos os Artigos"],"inLanguage":"pt-BR","potentialAction":[{"@type":"CommentAction","name":"Comment","target":["https:\/\/doctormkt.com.br\/blog\/todos-os-artigos\/lista-de-datas-publicitarias-para-medicos-e-profissionais-da-saude\/#respond"]}]},{"@type":"WebPage","@id":"https:\/\/doctormkt.com.br\/blog\/todos-os-artigos\/lista-de-datas-publicitarias-para-medicos-e-profissionais-da-saude\/","url":"https:\/\/doctormkt.com.br\/blog\/todos-os-artigos\/lista-de-datas-publicitarias-para-medicos-e-profissionais-da-saude\/","name":"Lista de Datas Publicit\u00e1rias da Sa\u00fade","isPartOf":{"@id":"https:\/\/doctormkt.com.br\/blog\/#website"},"datePublished":"2022-07-15T23:00:00+00:00","dateModified":"2024-01-09T09:28:07+00:00","description":"Fonte confi\u00e1vel e organizada, verificada periodicamente e que cont\u00e9m todas as datas publicit\u00e1rias importantes para a \u00e1rea da sa\u00fade.","breadcrumb":{"@id":"https:\/\/doctormkt.com.br\/blog\/todos-os-artigos\/lista-de-datas-publicitarias-para-medicos-e-profissionais-da-saude\/#breadcrumb"},"inLanguage":"pt-BR","potentialAction":[{"@type":"ReadAction","target":["https:\/\/doctormkt.com.br\/blog\/todos-os-artigos\/lista-de-datas-publicitarias-para-medicos-e-profissionais-da-saude\/"]}]},{"@type":"BreadcrumbList","@id":"https:\/\/doctormkt.com.br\/blog\/todos-os-artigos\/lista-de-datas-publicitarias-para-medicos-e-profissionais-da-saude\/#breadcrumb","itemListElement":[{"@type":"ListItem","position":1,"name":"In\u00edcio","item":"https:\/\/doctormkt.com.br\/blog\/"},{"@type":"ListItem","position":2,"name":"Datas Publicit\u00e1rias da Sa\u00fade"}]},{"@type":"WebSite","@id":"https:\/\/doctormkt.com.br\/blog\/#website","url":"https:\/\/doctormkt.com.br\/blog\/","name":"Blog do Doctor Marketing","description":"Informa\u00e7\u00f5es sobre Marketing para M\u00e9dicos, Cl\u00ednicas e Hospitais","publisher":{"@id":"https:\/\/doctormkt.com.br\/blog\/#organization"},"potentialAction":[{"@type":"SearchAction","target":{"@type":"EntryPoint","urlTemplate":"https:\/\/doctormkt.com.br\/blog\/?s={search_term_string}"},"query-input":"required name=search_term_string"}],"inLanguage":"pt-BR"},{"@type":"Organization","@id":"https:\/\/doctormkt.com.br\/blog\/#organization","name":"Blog do Doctor Marketing","url":"https:\/\/doctormkt.com.br\/blog\/","logo":{"@type":"ImageObject","inLanguage":"pt-BR","@id":"https:\/\/doctormkt.com.br\/blog\/#\/schema\/logo\/image\/","url":"https:\/\/doctormkt.com.br\/blog\/wp-content\/uploads\/2022\/03\/logo-1.png","contentUrl":"https:\/\/doctormkt.com.br\/blog\/wp-content\/uploads\/2022\/03\/logo-1.png","width":1832,"height":573,"caption":"Blog do Doctor Marketing"},"image":{"@id":"https:\/\/doctormkt.com.br\/blog\/#\/schema\/logo\/image\/"},"sameAs":["https:\/\/www.facebook.com\/doctor.mktng\/","https:\/\/www.instagram.com\/doc_mkt\/"]},{"@type":"Person","@id":"https:\/\/doctormkt.com.br\/blog\/#\/schema\/person\/89ff616f26371fe06157f02d59e7b2af","name":"Doctor Marketing","image":{"@type":"ImageObject","inLanguage":"pt-BR","@id":"https:\/\/doctormkt.com.br\/blog\/#\/schema\/person\/image\/","url":"https:\/\/secure.gravatar.com\/avatar\/1fa6c1329487885a2700115281bd09d5a48f7306c129e81448c2013cbb89f709?s=96&d=mm&r=g","contentUrl":"https:\/\/secure.gravatar.com\/avatar\/1fa6c1329487885a2700115281bd09d5a48f7306c129e81448c2013cbb89f709?s=96&d=mm&r=g","caption":"Doctor Marketing"},"sameAs":["https:\/\/doctormkt.com.br"],"url":"https:\/\/doctormkt.com.br\/blog\/author\/tecnico\/"}]}},"_links":{"self":[{"href":"https:\/\/doctormkt.com.br\/blog\/wp-json\/wp\/v2\/posts\/73","targetHints":{"allow":["GET"]}}],"collection":[{"href":"https:\/\/doctormkt.com.br\/blog\/wp-json\/wp\/v2\/posts"}],"about":[{"href":"https:\/\/doctormkt.com.br\/blog\/wp-json\/wp\/v2\/types\/post"}],"author":[{"embeddable":true,"href":"https:\/\/doctormkt.com.br\/blog\/wp-json\/wp\/v2\/users\/2"}],"replies":[{"embeddable":true,"href":"https:\/\/doctormkt.com.br\/blog\/wp-json\/wp\/v2\/comments?post=73"}],"version-history":[{"count":115,"href":"https:\/\/doctormkt.com.br\/blog\/wp-json\/wp\/v2\/posts\/73\/revisions"}],"predecessor-version":[{"id":540,"href":"https:\/\/doctormkt.com.br\/blog\/wp-json\/wp\/v2\/posts\/73\/revisions\/540"}],"wp:featuredmedia":[{"embeddable":true,"href":"https:\/\/doctormkt.com.br\/blog\/wp-json\/wp\/v2\/media\/106"}],"wp:attachment":[{"href":"https:\/\/doctormkt.com.br\/blog\/wp-json\/wp\/v2\/media?parent=73"}],"wp:term":[{"taxonomy":"category","embeddable":true,"href":"https:\/\/doctormkt.com.br\/blog\/wp-json\/wp\/v2\/categories?post=73"},{"taxonomy":"post_tag","embeddable":true,"href":"https:\/\/doctormkt.com.br\/blog\/wp-json\/wp\/v2\/tags?post=73"}],"curies":[{"name":"wp","href":"https:\/\/api.w.org\/{rel}","templated":true}]}}